{"id":56954,"date":"2022-06-24T10:00:17","date_gmt":"2022-06-24T08:00:17","guid":{"rendered":"https:\/\/www.qualitel.org\/professionnels\/?p=56954"},"modified":"2023-04-18T09:46:43","modified_gmt":"2023-04-18T07:46:43","slug":"rehabilitation-de-grande-ampleur-la-cite-de-labreuvoir-engagee-en-certification-nf-habitat-hqe-superieur","status":"publish","type":"post","link":"https:\/\/www.qualitel.org\/professionnels\/actualites\/rehabilitation-cite-abreuvoir-engagee-en-certification-nf-habitat-hqe-superieur\/","title":{"rendered":"R\u00e9habilitation de grande ampleur : la Cit\u00e9 de l\u2019Abreuvoir engag\u00e9e en certification NF&nbsp;Habitat&nbsp;HQE sup\u00e9rieur"},"content":{"rendered":"<p>Dans une d\u00e9marche toujours plus vertueuse, Seine-Saint-Denis habitat s\u2019engage pour le confort de ses locataires et un respect toujours plus accru de l\u2019environnement. Aujourd\u2019hui, la r\u00e9habilitation de la cit\u00e9-jardin de l\u2019Abreuvoir prend une nouvelle ampleur en visant la certification NF Habitat HQE sup\u00e9rieur \u2013 une premi\u00e8re pour un projet de cette envergure. L\u2019objectif est double&#160;: garantir une qualit\u00e9 de vie \u00e0 l\u2019ensemble de nos 3\u00a0500 locataires, et r\u00e9pondre aux nouvelles normes \u00e9cologiques. Deux enjeux qui coexistent plus que jamais, \u00e0 l\u2019heure o\u00f9 la ma\u00eetrise des charges fait aussi bien \u00e9cho au pouvoir d\u2019achat qu\u2019au respect de l\u2019environnement.<\/p>\n<ul>\n<li>2017&#160;: lancement des \u00e9tudes du protocole de pr\u00e9figuration<\/li>\n<li>2019&#160;: d\u00e9marrage des enqu\u00eates sociales en vue des 580 relogements<\/li>\n<li>2021&#160;: signature de la charte locale de relogement, d\u00e9signation des \u00e9quipes de ma\u00eetrise d\u2019\u0153uvre, ouverture de la Maison des projets, d\u00e9but des relogements (jusqu\u2019en 2024)<\/li>\n<li>2022&#160;: signature de la convention ANRU<\/li>\n<li>Premier semestre 2023&#160;: d\u00e9marrage d\u2019une premi\u00e8re tranche de travaux de d\u00e9molition<\/li>\n<li>Second semestre 2023&#160;: d\u00e9marrage d\u2019une premi\u00e8re tranche de travaux de r\u00e9habilitation<\/li>\n<li>2028-2029&#160;: livraison pr\u00e9visionnelle des travaux<\/li>\n<\/ul>\n","protected":false},"excerpt":{"rendered":"<p>Dans une d\u00e9marche toujours plus vertueuse, Seine-Saint-Denis habitat s\u2019engage pour le confort de ses locataires et un respect toujours plus accru de l\u2019environnement. Aujourd\u2019hui, la r\u00e9habilitation de la cit\u00e9-jardin de l\u2019Abreuvoir prend une nouvelle ampleur en visant la certification NF Habitat HQE sup\u00e9rieur \u2013 une premi\u00e8re pour un projet de cette envergure. L\u2019objectif est double&#160;: &#8230; <\/p>\n","protected":false},"author":24,"featured_media":56964,"comment_status":"closed","ping_status":"closed","sticky":false,"template":"","format":"standard","meta":{"_acf_changed":false,"footnotes":""},"tags":[418],"article_type":[368],"class_list":["post-56954","post","type-post","status-publish","format-standard","has-post-thumbnail","hentry","tags-certification","tags-renovation","etiquettes-reference","article_type-actualites"],"acf":[],"yoast_head":"<!-- This site is optimized with the Yoast SEO plugin v26.3 - https:\/\/yoast.com\/wordpress\/plugins\/seo\/ -->\n<title>R\u00e9habilitation de grande ampleur : la Cit\u00e9 de l\u2019Abreuvoir engag\u00e9e en certification NF&nbsp;Habitat&nbsp;HQE sup\u00e9rieur - Qualitel | Professionnels<\/title>\n<meta name=\"description\" content=\"Con\u00e7ue par l\u2019architecte \u00c9mile Aillaud et construite entre 1954 et 1958, la Cit\u00e9 de l\u2019Abreuvoir regroupe plus de 1 500 logements qui n\u00e9cessitent une r\u00e9novation lourde, port\u00e9e par Seine-Saint-Denis habitat, Est Ensemble et la ville de Bobigny. Pour assurer la qualit\u00e9 de cette requalification ambitieuse du point de vue environnemental et fonctionnel, le bailleur social a souhait\u00e9 s\u2019appuyer sur CERQUAL et s\u2019engager dans la d\u00e9marche de certification NF Habitat HQE de niveau sup\u00e9rieur. Zoom sur ce projet de r\u00e9habilitation sans pr\u00e9c\u00e9dent.\" \/>\n<meta name=\"robots\" content=\"index, follow, max-snippet:-1, max-image-preview:large, max-video-preview:-1\" \/>\n<link rel=\"canonical\" href=\"https:\/\/www.qualitel.org\/professionnels\/actualites\/rehabilitation-cite-abreuvoir-engagee-en-certification-nf-habitat-hqe-superieur\/\" \/>\n<meta property=\"og:locale\" content=\"fr_FR\" \/>\n<meta property=\"og:type\" content=\"article\" \/>\n<meta property=\"og:title\" content=\"R\u00e9habilitation de grande ampleur : la Cit\u00e9 de l\u2019Abreuvoir engag\u00e9e en certification NF&nbsp;Habitat&nbsp;HQE sup\u00e9rieur - Qualitel | Professionnels\" \/>\n<meta property=\"og:description\" content=\"Con\u00e7ue par l\u2019architecte \u00c9mile Aillaud et construite entre 1954 et 1958, la Cit\u00e9 de l\u2019Abreuvoir regroupe plus de 1 500 logements qui n\u00e9cessitent une r\u00e9novation lourde, port\u00e9e par Seine-Saint-Denis habitat, Est Ensemble et la ville de Bobigny. Pour assurer la qualit\u00e9 de cette requalification ambitieuse du point de vue environnemental et fonctionnel, le bailleur social a souhait\u00e9 s\u2019appuyer sur CERQUAL et s\u2019engager dans la d\u00e9marche de certification NF Habitat HQE de niveau sup\u00e9rieur. Zoom sur ce projet de r\u00e9habilitation sans pr\u00e9c\u00e9dent.\" \/>\n<meta property=\"og:url\" content=\"https:\/\/www.qualitel.org\/professionnels\/actualites\/rehabilitation-cite-abreuvoir-engagee-en-certification-nf-habitat-hqe-superieur\/\" \/>\n<meta property=\"og:site_name\" content=\"Qualitel | Professionnels\" \/>\n<meta property=\"article:publisher\" content=\"https:\/\/www.facebook.com\/groupequalitel\/\" \/>\n<meta property=\"article:published_time\" content=\"2022-06-24T08:00:17+00:00\" \/>\n<meta property=\"article:modified_time\" content=\"2023-04-18T07:46:43+00:00\" \/>\n<meta property=\"og:image\" content=\"https:\/\/www.qualitel.org\/professionnels\/wp\/..\/uploads\/img1-cite-abreuvoir_bobigny.jpg\" \/>\n\t<meta property=\"og:image:width\" content=\"900\" \/>\n\t<meta property=\"og:image:height\" content=\"513\" \/>\n\t<meta property=\"og:image:type\" content=\"image\/jpeg\" \/>\n<meta name=\"author\" content=\"Julie CARNEZ\" \/>\n<meta name=\"twitter:card\" content=\"summary_large_image\" \/>\n<meta name=\"twitter:description\" content=\"Con\u00e7ue par l\u2019architecte \u00c9mile Aillaud et construite entre 1954 et 1958, la Cit\u00e9 de l\u2019Abreuvoir regroupe plus de 1 500 logements qui n\u00e9cessitent une r\u00e9novation lourde, port\u00e9e par Seine-Saint-Denis habitat, Est Ensemble et la ville de Bobigny. Pour assurer la qualit\u00e9 de cette requalification ambitieuse du point de vue environnemental et fonctionnel, le bailleur social a souhait\u00e9 s\u2019appuyer sur CERQUAL et s\u2019engager dans la d\u00e9marche de certification NF Habitat HQE de niveau sup\u00e9rieur. Zoom sur ce projet de r\u00e9habilitation sans pr\u00e9c\u00e9dent.\n\" \/>\n<meta name=\"twitter:creator\" content=\"@groupeQUALITEL\" \/>\n<meta name=\"twitter:site\" content=\"@groupeQUALITEL\" \/>\n<meta name=\"twitter:label1\" content=\"Written by\" \/>\n\t<meta name=\"twitter:data1\" content=\"Julie CARNEZ\" \/>\n\t<meta name=\"twitter:label2\" content=\"Est. reading time\" \/>\n\t<meta name=\"twitter:data2\" content=\"1 minute\" \/>\n<script type=\"application\/ld+json\" class=\"yoast-schema-graph\">{\"@context\":\"https:\/\/schema.org\",\"@graph\":[{\"@type\":\"Article\",\"@id\":\"https:\/\/www.qualitel.org\/professionnels\/actualites\/rehabilitation-cite-abreuvoir-engagee-en-certification-nf-habitat-hqe-superieur\/#article\",\"isPartOf\":{\"@id\":\"https:\/\/www.qualitel.org\/professionnels\/actualites\/rehabilitation-cite-abreuvoir-engagee-en-certification-nf-habitat-hqe-superieur\/\"},\"author\":{\"name\":\"Julie CARNEZ\",\"@id\":\"https:\/\/www.qualitel.org\/professionnels\/#\/schema\/person\/8da1b40abc7d27162c267baae6ea6b6e\"},\"headline\":\"R\u00e9habilitation de grande ampleur : la Cit\u00e9 de l\u2019Abreuvoir engag\u00e9e en certification NF&nbsp;Habitat&nbsp;HQE sup\u00e9rieur\",\"datePublished\":\"2022-06-24T08:00:17+00:00\",\"dateModified\":\"2023-04-18T07:46:43+00:00\",\"mainEntityOfPage\":{\"@id\":\"https:\/\/www.qualitel.org\/professionnels\/actualites\/rehabilitation-cite-abreuvoir-engagee-en-certification-nf-habitat-hqe-superieur\/\"},\"wordCount\":216,\"publisher\":{\"@id\":\"https:\/\/www.qualitel.org\/professionnels\/#organization\"},\"image\":{\"@id\":\"https:\/\/www.qualitel.org\/professionnels\/actualites\/rehabilitation-cite-abreuvoir-engagee-en-certification-nf-habitat-hqe-superieur\/#primaryimage\"},\"thumbnailUrl\":\"https:\/\/www.qualitel.org\/professionnels\/wp\/..\/uploads\/img1-cite-abreuvoir_bobigny.jpg\",\"inLanguage\":\"fr-FR\"},{\"@type\":\"WebPage\",\"@id\":\"https:\/\/www.qualitel.org\/professionnels\/actualites\/rehabilitation-cite-abreuvoir-engagee-en-certification-nf-habitat-hqe-superieur\/\",\"url\":\"https:\/\/www.qualitel.org\/professionnels\/actualites\/rehabilitation-cite-abreuvoir-engagee-en-certification-nf-habitat-hqe-superieur\/\",\"name\":\"R\u00e9habilitation de grande ampleur : la Cit\u00e9 de l\u2019Abreuvoir engag\u00e9e en certification NF&nbsp;Habitat&nbsp;HQE sup\u00e9rieur - Qualitel | Professionnels\",\"isPartOf\":{\"@id\":\"https:\/\/www.qualitel.org\/professionnels\/#website\"},\"primaryImageOfPage\":{\"@id\":\"https:\/\/www.qualitel.org\/professionnels\/actualites\/rehabilitation-cite-abreuvoir-engagee-en-certification-nf-habitat-hqe-superieur\/#primaryimage\"},\"image\":{\"@id\":\"https:\/\/www.qualitel.org\/professionnels\/actualites\/rehabilitation-cite-abreuvoir-engagee-en-certification-nf-habitat-hqe-superieur\/#primaryimage\"},\"thumbnailUrl\":\"https:\/\/www.qualitel.org\/professionnels\/wp\/..\/uploads\/img1-cite-abreuvoir_bobigny.jpg\",\"datePublished\":\"2022-06-24T08:00:17+00:00\",\"dateModified\":\"2023-04-18T07:46:43+00:00\",\"description\":\"Con\u00e7ue par l\u2019architecte \u00c9mile Aillaud et construite entre 1954 et 1958, la Cit\u00e9 de l\u2019Abreuvoir regroupe plus de 1 500 logements qui n\u00e9cessitent une r\u00e9novation lourde, port\u00e9e par Seine-Saint-Denis habitat, Est Ensemble et la ville de Bobigny. Pour assurer la qualit\u00e9 de cette requalification ambitieuse du point de vue environnemental et fonctionnel, le bailleur social a souhait\u00e9 s\u2019appuyer sur CERQUAL et s\u2019engager dans la d\u00e9marche de certification NF Habitat HQE de niveau sup\u00e9rieur. Zoom sur ce projet de r\u00e9habilitation sans pr\u00e9c\u00e9dent.\",\"breadcrumb\":{\"@id\":\"https:\/\/www.qualitel.org\/professionnels\/actualites\/rehabilitation-cite-abreuvoir-engagee-en-certification-nf-habitat-hqe-superieur\/#breadcrumb\"},\"inLanguage\":\"fr-FR\",\"potentialAction\":[{\"@type\":\"ReadAction\",\"target\":[\"https:\/\/www.qualitel.org\/professionnels\/actualites\/rehabilitation-cite-abreuvoir-engagee-en-certification-nf-habitat-hqe-superieur\/\"]}]},{\"@type\":\"ImageObject\",\"inLanguage\":\"fr-FR\",\"@id\":\"https:\/\/www.qualitel.org\/professionnels\/actualites\/rehabilitation-cite-abreuvoir-engagee-en-certification-nf-habitat-hqe-superieur\/#primaryimage\",\"url\":\"https:\/\/www.qualitel.org\/professionnels\/wp\/..\/uploads\/img1-cite-abreuvoir_bobigny.jpg\",\"contentUrl\":\"https:\/\/www.qualitel.org\/professionnels\/wp\/..\/uploads\/img1-cite-abreuvoir_bobigny.jpg\",\"width\":900,\"height\":513},{\"@type\":\"BreadcrumbList\",\"@id\":\"https:\/\/www.qualitel.org\/professionnels\/actualites\/rehabilitation-cite-abreuvoir-engagee-en-certification-nf-habitat-hqe-superieur\/#breadcrumb\",\"itemListElement\":[{\"@type\":\"ListItem\",\"position\":1,\"name\":\"Accueil\",\"item\":\"https:\/\/www.qualitel.org\/professionnels\/\"},{\"@type\":\"ListItem\",\"position\":2,\"name\":\"R\u00e9habilitation de grande ampleur&#160;: la Cit\u00e9 de l\u2019Abreuvoir engag\u00e9e en certification NF&nbsp;Habitat&nbsp;HQE sup\u00e9rieur\"}]},{\"@type\":\"WebSite\",\"@id\":\"https:\/\/www.qualitel.org\/professionnels\/#website\",\"url\":\"https:\/\/www.qualitel.org\/professionnels\/\",\"name\":\"Qualitel | Professionnels\",\"description\":\"\",\"publisher\":{\"@id\":\"https:\/\/www.qualitel.org\/professionnels\/#organization\"},\"potentialAction\":[{\"@type\":\"SearchAction\",\"target\":{\"@type\":\"EntryPoint\",\"urlTemplate\":\"https:\/\/www.qualitel.org\/professionnels\/?s={search_term_string}\"},\"query-input\":{\"@type\":\"PropertyValueSpecification\",\"valueRequired\":true,\"valueName\":\"search_term_string\"}}],\"inLanguage\":\"fr-FR\"},{\"@type\":\"Organization\",\"@id\":\"https:\/\/www.qualitel.org\/professionnels\/#organization\",\"name\":\"Qualitel\",\"url\":\"https:\/\/www.qualitel.org\/professionnels\/\",\"logo\":{\"@type\":\"ImageObject\",\"inLanguage\":\"fr-FR\",\"@id\":\"https:\/\/www.qualitel.org\/professionnels\/#\/schema\/logo\/image\/\",\"url\":\"https:\/\/www.qualitel.org\/professionnels\/wp\/..\/uploads\/qualitel_social.jpg\",\"contentUrl\":\"https:\/\/www.qualitel.org\/professionnels\/wp\/..\/uploads\/qualitel_social.jpg\",\"width\":1080,\"height\":1080,\"caption\":\"Qualitel\"},\"image\":{\"@id\":\"https:\/\/www.qualitel.org\/professionnels\/#\/schema\/logo\/image\/\"},\"sameAs\":[\"https:\/\/www.facebook.com\/groupequalitel\/\",\"https:\/\/x.com\/groupeQUALITEL\",\"https:\/\/www.instagram.com\/associationqualitel\/\"]},{\"@type\":\"Person\",\"@id\":\"https:\/\/www.qualitel.org\/professionnels\/#\/schema\/person\/8da1b40abc7d27162c267baae6ea6b6e\",\"name\":\"Julie CARNEZ\",\"image\":{\"@type\":\"ImageObject\",\"inLanguage\":\"fr-FR\",\"@id\":\"https:\/\/www.qualitel.org\/professionnels\/#\/schema\/person\/image\/\",\"url\":\"https:\/\/secure.gravatar.com\/avatar\/41fcfdc51e7305fd5b17ead841bd2e1f6a982b0f5ccaf899636b8ccab25ca5b1?s=96&d=mm&r=g\",\"contentUrl\":\"https:\/\/secure.gravatar.com\/avatar\/41fcfdc51e7305fd5b17ead841bd2e1f6a982b0f5ccaf899636b8ccab25ca5b1?s=96&d=mm&r=g\",\"caption\":\"Julie CARNEZ\"}}]}<\/script>\n<!-- \/ Yoast SEO plugin. -->","yoast_head_json":{"title":"R\u00e9habilitation de grande ampleur : la Cit\u00e9 de l\u2019Abreuvoir engag\u00e9e en certification NF&nbsp;Habitat&nbsp;HQE sup\u00e9rieur - Qualitel | Professionnels","description":"Con\u00e7ue par l\u2019architecte \u00c9mile Aillaud et construite entre 1954 et 1958, la Cit\u00e9 de l\u2019Abreuvoir regroupe plus de 1 500 logements qui n\u00e9cessitent une r\u00e9novation lourde, port\u00e9e par Seine-Saint-Denis habitat, Est Ensemble et la ville de Bobigny. Pour assurer la qualit\u00e9 de cette requalification ambitieuse du point de vue environnemental et fonctionnel, le bailleur social a souhait\u00e9 s\u2019appuyer sur CERQUAL et s\u2019engager dans la d\u00e9marche de certification NF Habitat HQE de niveau sup\u00e9rieur. Zoom sur ce projet de r\u00e9habilitation sans pr\u00e9c\u00e9dent.","robots":{"index":"index","follow":"follow","max-snippet":"max-snippet:-1","max-image-preview":"max-image-preview:large","max-video-preview":"max-video-preview:-1"},"canonical":"https:\/\/www.qualitel.org\/professionnels\/actualites\/rehabilitation-cite-abreuvoir-engagee-en-certification-nf-habitat-hqe-superieur\/","og_locale":"fr_FR","og_type":"article","og_title":"R\u00e9habilitation de grande ampleur : la Cit\u00e9 de l\u2019Abreuvoir engag\u00e9e en certification NF&nbsp;Habitat&nbsp;HQE sup\u00e9rieur - Qualitel | Professionnels","og_description":"Con\u00e7ue par l\u2019architecte \u00c9mile Aillaud et construite entre 1954 et 1958, la Cit\u00e9 de l\u2019Abreuvoir regroupe plus de 1 500 logements qui n\u00e9cessitent une r\u00e9novation lourde, port\u00e9e par Seine-Saint-Denis habitat, Est Ensemble et la ville de Bobigny. Pour assurer la qualit\u00e9 de cette requalification ambitieuse du point de vue environnemental et fonctionnel, le bailleur social a souhait\u00e9 s\u2019appuyer sur CERQUAL et s\u2019engager dans la d\u00e9marche de certification NF Habitat HQE de niveau sup\u00e9rieur. Zoom sur ce projet de r\u00e9habilitation sans pr\u00e9c\u00e9dent.","og_url":"https:\/\/www.qualitel.org\/professionnels\/actualites\/rehabilitation-cite-abreuvoir-engagee-en-certification-nf-habitat-hqe-superieur\/","og_site_name":"Qualitel | Professionnels","article_publisher":"https:\/\/www.facebook.com\/groupequalitel\/","article_published_time":"2022-06-24T08:00:17+00:00","article_modified_time":"2023-04-18T07:46:43+00:00","og_image":[{"width":900,"height":513,"url":"https:\/\/www.qualitel.org\/professionnels\/wp\/..\/uploads\/img1-cite-abreuvoir_bobigny.jpg","type":"image\/jpeg"}],"author":"Julie CARNEZ","twitter_card":"summary_large_image","twitter_description":"Con\u00e7ue par l\u2019architecte \u00c9mile Aillaud et construite entre 1954 et 1958, la Cit\u00e9 de l\u2019Abreuvoir regroupe plus de 1 500 logements qui n\u00e9cessitent une r\u00e9novation lourde, port\u00e9e par Seine-Saint-Denis habitat, Est Ensemble et la ville de Bobigny. Pour assurer la qualit\u00e9 de cette requalification ambitieuse du point de vue environnemental et fonctionnel, le bailleur social a souhait\u00e9 s\u2019appuyer sur CERQUAL et s\u2019engager dans la d\u00e9marche de certification NF Habitat HQE de niveau sup\u00e9rieur. Zoom sur ce projet de r\u00e9habilitation sans pr\u00e9c\u00e9dent.\n","twitter_creator":"@groupeQUALITEL","twitter_site":"@groupeQUALITEL","twitter_misc":{"Written by":"Julie CARNEZ","Est. reading time":"1 minute"},"schema":{"@context":"https:\/\/schema.org","@graph":[{"@type":"Article","@id":"https:\/\/www.qualitel.org\/professionnels\/actualites\/rehabilitation-cite-abreuvoir-engagee-en-certification-nf-habitat-hqe-superieur\/#article","isPartOf":{"@id":"https:\/\/www.qualitel.org\/professionnels\/actualites\/rehabilitation-cite-abreuvoir-engagee-en-certification-nf-habitat-hqe-superieur\/"},"author":{"name":"Julie CARNEZ","@id":"https:\/\/www.qualitel.org\/professionnels\/#\/schema\/person\/8da1b40abc7d27162c267baae6ea6b6e"},"headline":"R\u00e9habilitation de grande ampleur : la Cit\u00e9 de l\u2019Abreuvoir engag\u00e9e en certification NF&nbsp;Habitat&nbsp;HQE sup\u00e9rieur","datePublished":"2022-06-24T08:00:17+00:00","dateModified":"2023-04-18T07:46:43+00:00","mainEntityOfPage":{"@id":"https:\/\/www.qualitel.org\/professionnels\/actualites\/rehabilitation-cite-abreuvoir-engagee-en-certification-nf-habitat-hqe-superieur\/"},"wordCount":216,"publisher":{"@id":"https:\/\/www.qualitel.org\/professionnels\/#organization"},"image":{"@id":"https:\/\/www.qualitel.org\/professionnels\/actualites\/rehabilitation-cite-abreuvoir-engagee-en-certification-nf-habitat-hqe-superieur\/#primaryimage"},"thumbnailUrl":"https:\/\/www.qualitel.org\/professionnels\/wp\/..\/uploads\/img1-cite-abreuvoir_bobigny.jpg","inLanguage":"fr-FR"},{"@type":"WebPage","@id":"https:\/\/www.qualitel.org\/professionnels\/actualites\/rehabilitation-cite-abreuvoir-engagee-en-certification-nf-habitat-hqe-superieur\/","url":"https:\/\/www.qualitel.org\/professionnels\/actualites\/rehabilitation-cite-abreuvoir-engagee-en-certification-nf-habitat-hqe-superieur\/","name":"R\u00e9habilitation de grande ampleur : la Cit\u00e9 de l\u2019Abreuvoir engag\u00e9e en certification NF&nbsp;Habitat&nbsp;HQE sup\u00e9rieur - Qualitel | Professionnels","isPartOf":{"@id":"https:\/\/www.qualitel.org\/professionnels\/#website"},"primaryImageOfPage":{"@id":"https:\/\/www.qualitel.org\/professionnels\/actualites\/rehabilitation-cite-abreuvoir-engagee-en-certification-nf-habitat-hqe-superieur\/#primaryimage"},"image":{"@id":"https:\/\/www.qualitel.org\/professionnels\/actualites\/rehabilitation-cite-abreuvoir-engagee-en-certification-nf-habitat-hqe-superieur\/#primaryimage"},"thumbnailUrl":"https:\/\/www.qualitel.org\/professionnels\/wp\/..\/uploads\/img1-cite-abreuvoir_bobigny.jpg","datePublished":"2022-06-24T08:00:17+00:00","dateModified":"2023-04-18T07:46:43+00:00","description":"Con\u00e7ue par l\u2019architecte \u00c9mile Aillaud et construite entre 1954 et 1958, la Cit\u00e9 de l\u2019Abreuvoir regroupe plus de 1 500 logements qui n\u00e9cessitent une r\u00e9novation lourde, port\u00e9e par Seine-Saint-Denis habitat, Est Ensemble et la ville de Bobigny. Pour assurer la qualit\u00e9 de cette requalification ambitieuse du point de vue environnemental et fonctionnel, le bailleur social a souhait\u00e9 s\u2019appuyer sur CERQUAL et s\u2019engager dans la d\u00e9marche de certification NF Habitat HQE de niveau sup\u00e9rieur. Zoom sur ce projet de r\u00e9habilitation sans pr\u00e9c\u00e9dent.","breadcrumb":{"@id":"https:\/\/www.qualitel.org\/professionnels\/actualites\/rehabilitation-cite-abreuvoir-engagee-en-certification-nf-habitat-hqe-superieur\/#breadcrumb"},"inLanguage":"fr-FR","potentialAction":[{"@type":"ReadAction","target":["https:\/\/www.qualitel.org\/professionnels\/actualites\/rehabilitation-cite-abreuvoir-engagee-en-certification-nf-habitat-hqe-superieur\/"]}]},{"@type":"ImageObject","inLanguage":"fr-FR","@id":"https:\/\/www.qualitel.org\/professionnels\/actualites\/rehabilitation-cite-abreuvoir-engagee-en-certification-nf-habitat-hqe-superieur\/#primaryimage","url":"https:\/\/www.qualitel.org\/professionnels\/wp\/..\/uploads\/img1-cite-abreuvoir_bobigny.jpg","contentUrl":"https:\/\/www.qualitel.org\/professionnels\/wp\/..\/uploads\/img1-cite-abreuvoir_bobigny.jpg","width":900,"height":513},{"@type":"BreadcrumbList","@id":"https:\/\/www.qualitel.org\/professionnels\/actualites\/rehabilitation-cite-abreuvoir-engagee-en-certification-nf-habitat-hqe-superieur\/#breadcrumb","itemListElement":[{"@type":"ListItem","position":1,"name":"Accueil","item":"https:\/\/www.qualitel.org\/professionnels\/"},{"@type":"ListItem","position":2,"name":"R\u00e9habilitation de grande ampleur&#160;: la Cit\u00e9 de l\u2019Abreuvoir engag\u00e9e en certification NF&nbsp;Habitat&nbsp;HQE sup\u00e9rieur"}]},{"@type":"WebSite","@id":"https:\/\/www.qualitel.org\/professionnels\/#website","url":"https:\/\/www.qualitel.org\/professionnels\/","name":"Qualitel | Professionnels","description":"","publisher":{"@id":"https:\/\/www.qualitel.org\/professionnels\/#organization"},"potentialAction":[{"@type":"SearchAction","target":{"@type":"EntryPoint","urlTemplate":"https:\/\/www.qualitel.org\/professionnels\/?s={search_term_string}"},"query-input":{"@type":"PropertyValueSpecification","valueRequired":true,"valueName":"search_term_string"}}],"inLanguage":"fr-FR"},{"@type":"Organization","@id":"https:\/\/www.qualitel.org\/professionnels\/#organization","name":"Qualitel","url":"https:\/\/www.qualitel.org\/professionnels\/","logo":{"@type":"ImageObject","inLanguage":"fr-FR","@id":"https:\/\/www.qualitel.org\/professionnels\/#\/schema\/logo\/image\/","url":"https:\/\/www.qualitel.org\/professionnels\/wp\/..\/uploads\/qualitel_social.jpg","contentUrl":"https:\/\/www.qualitel.org\/professionnels\/wp\/..\/uploads\/qualitel_social.jpg","width":1080,"height":1080,"caption":"Qualitel"},"image":{"@id":"https:\/\/www.qualitel.org\/professionnels\/#\/schema\/logo\/image\/"},"sameAs":["https:\/\/www.facebook.com\/groupequalitel\/","https:\/\/x.com\/groupeQUALITEL","https:\/\/www.instagram.com\/associationqualitel\/"]},{"@type":"Person","@id":"https:\/\/www.qualitel.org\/professionnels\/#\/schema\/person\/8da1b40abc7d27162c267baae6ea6b6e","name":"Julie CARNEZ","image":{"@type":"ImageObject","inLanguage":"fr-FR","@id":"https:\/\/www.qualitel.org\/professionnels\/#\/schema\/person\/image\/","url":"https:\/\/secure.gravatar.com\/avatar\/41fcfdc51e7305fd5b17ead841bd2e1f6a982b0f5ccaf899636b8ccab25ca5b1?s=96&d=mm&r=g","contentUrl":"https:\/\/secure.gravatar.com\/avatar\/41fcfdc51e7305fd5b17ead841bd2e1f6a982b0f5ccaf899636b8ccab25ca5b1?s=96&d=mm&r=g","caption":"Julie CARNEZ"}}]}},"_links":{"self":[{"href":"https:\/\/www.qualitel.org\/professionnels\/wp-json\/wp\/v2\/posts\/56954","targetHints":{"allow":["GET"]}}],"collection":[{"href":"https:\/\/www.qualitel.org\/professionnels\/wp-json\/wp\/v2\/posts"}],"about":[{"href":"https:\/\/www.qualitel.org\/professionnels\/wp-json\/wp\/v2\/types\/post"}],"author":[{"embeddable":true,"href":"https:\/\/www.qualitel.org\/professionnels\/wp-json\/wp\/v2\/users\/24"}],"replies":[{"embeddable":true,"href":"https:\/\/www.qualitel.org\/professionnels\/wp-json\/wp\/v2\/comments?post=56954"}],"version-history":[{"count":22,"href":"https:\/\/www.qualitel.org\/professionnels\/wp-json\/wp\/v2\/posts\/56954\/revisions"}],"predecessor-version":[{"id":64881,"href":"https:\/\/www.qualitel.org\/professionnels\/wp-json\/wp\/v2\/posts\/56954\/revisions\/64881"}],"wp:featuredmedia":[{"embeddable":true,"href":"https:\/\/www.qualitel.org\/professionnels\/wp-json\/wp\/v2\/media\/56964"}],"wp:attachment":[{"href":"https:\/\/www.qualitel.org\/professionnels\/wp-json\/wp\/v2\/media?parent=56954"}],"wp:term":[{"taxonomy":"tags","embeddable":true,"href":"https:\/\/www.qualitel.org\/professionnels\/wp-json\/wp\/v2\/tags?post=56954"},{"taxonomy":"etiquettes","embeddable":true,"href":"https:\/\/www.qualitel.org\/professionnels\/wp-json\/wp\/v2\/tags?post=56954"},{"taxonomy":"article_type","embeddable":true,"href":"https:\/\/www.qualitel.org\/professionnels\/wp-json\/wp\/v2\/article_type?post=56954"}],"curies":[{"name":"wp","href":"https:\/\/api.w.org\/{rel}","templated":true}]}}