{"id":63590,"date":"2023-02-28T12:08:32","date_gmt":"2023-02-28T11:08:32","guid":{"rendered":"https:\/\/www.qualitel.org\/professionnels\/?p=63590"},"modified":"2026-03-24T10:28:57","modified_gmt":"2026-03-24T09:28:57","slug":"le-blanc-mesnil-ameliore-la-qualite-de-ses-logements-grace-a-la-certification-territorialisee-nf-habitat-hqe","status":"publish","type":"post","link":"https:\/\/www.qualitel.org\/professionnels\/actualites\/blanc-mesnil-renforce-politique-qualite-logement-certification-territorialisee-nf-habitat-hqe\/","title":{"rendered":"Le Blanc-Mesnil am\u00e9liore la qualit\u00e9 de ses logements gr\u00e2ce \u00e0 la certification territorialis\u00e9e NF Habitat HQE"},"content":{"rendered":"<p>Depuis 2014, nous avons souhait\u00e9 changer profond\u00e9ment l\u2019image de la commune en privil\u00e9giant des constructions de qualit\u00e9 qui passent par une architecture n\u00e9o-haussmannienne et un cadre de vie verdoyant. Aujourd\u2019hui, la trame urbaine de la ville a \u00e9t\u00e9 redessin\u00e9e et nous poursuivons notre objectif avec la livraison de nombreux programmes immobiliers qui permettent aux Blanc-Mesnilois de r\u00e9aliser leur parcours r\u00e9sidentiel sur la commune.<\/p>\n<p>La qualit\u00e9 des logements est multicrit\u00e8re\u00a0: cela passe par les performances techniques du b\u00e2timent bien s\u00fbr mais aussi le confort des habitants. Par ailleurs, le respect de l\u2019environnement, la protection de la biodiversit\u00e9 et la lutte contre le changement climatique sont des enjeux auxquels le secteur du b\u00e2timent doit faire face et qui sont pris en compte par Le Blanc-Mesnil via l\u2019int\u00e9gration des exigences NF Habitat HQE combin\u00e9es \u00e0 leur charte.<\/p>\n<p>Aujourd\u2019hui, la ville s\u2019associe \u00e0 l\u2019organisme certificateur CERQUAL pour contr\u00f4ler la conformit\u00e9 de tous les projets d\u00e9pos\u00e9s, d\u2019une part aux exigences NF Habitat HQE pour une meilleure prise en compte environnementale et d\u2019autre part, aux exigences de la ville pr\u00e9sentes dans les documents d\u2019urbanisme.<\/p>\n<p>\u00c0 partir de maintenant, les constructions sur la ville respecteront les exigences de la charte et le r\u00e9f\u00e9rentiel NF Habitat HQE. C\u2019est notre m\u00e9tier de contr\u00f4ler, en conception et avant la livraison des logements, que les objectifs formul\u00e9s dans la charte sont effectivement atteints.<\/p>\n<p>Avec les promoteurs, nous sommes l\u00e0 ensemble pour cr\u00e9er et transformer cette ville. La signature de la convention CERQUAL nous permet de sceller le partenariat et de faire en sorte de tenir nos engagements r\u00e9ciproques pour accompagner l&rsquo;\u00e9volution de la population au Blanc-Mesnil.<\/p>\n","protected":false},"excerpt":{"rendered":"<p>Depuis 2014, nous avons souhait\u00e9 changer profond\u00e9ment l\u2019image de la commune en privil\u00e9giant des constructions de qualit\u00e9 qui passent par une architecture n\u00e9o-haussmannienne et un cadre de vie verdoyant. Aujourd\u2019hui, la trame urbaine de la ville a \u00e9t\u00e9 redessin\u00e9e et nous poursuivons notre objectif avec la livraison de nombreux programmes immobiliers qui permettent aux Blanc-Mesnilois &#8230; <\/p>\n","protected":false},"author":24,"featured_media":63621,"comment_status":"closed","ping_status":"closed","sticky":false,"template":"","format":"standard","meta":{"_acf_changed":false,"footnotes":""},"tags":[420],"article_type":[368],"class_list":["post-63590","post","type-post","status-publish","format-standard","has-post-thumbnail","hentry","tags-certification","tags-partenariat","etiquettes-signature","article_type-actualites"],"acf":[],"yoast_head":"<!-- This site is optimized with the Yoast SEO plugin v26.3 - https:\/\/yoast.com\/wordpress\/plugins\/seo\/ -->\n<title>Le Blanc-Mesnil am\u00e9liore la qualit\u00e9 de ses logements gr\u00e2ce \u00e0 la certification territorialis\u00e9e NF Habitat HQE - Qualitel | Professionnels<\/title>\n<meta name=\"description\" content=\"Apr\u00e8s la mise en place d\u2019une charte des promoteurs et am\u00e9nageurs intervenant au Blanc-Mesnil et d\u2019un cahier de recommandations architecturales, approuv\u00e9s par le conseil municipal du 15 mars 2022, la ville a souhait\u00e9 int\u00e9grer la d\u00e9marche de certification NF Habitat HQE pour garantir la qualit\u00e9 de ses nouvelles constructions. CERQUAL a ainsi propos\u00e9 un r\u00e9f\u00e9rentiel territorialis\u00e9 \u00e0 sa charte, qui s\u2019appuie sur les exigences globales de la certification et les besoins sp\u00e9cifiques de la ville, notamment en termes de qualit\u00e9 de vie et de protection de l\u2019environnement.\" \/>\n<meta name=\"robots\" content=\"index, follow, max-snippet:-1, max-image-preview:large, max-video-preview:-1\" \/>\n<link rel=\"canonical\" href=\"https:\/\/www.qualitel.org\/professionnels\/actualites\/blanc-mesnil-renforce-politique-qualite-logement-certification-territorialisee-nf-habitat-hqe\/\" \/>\n<meta property=\"og:locale\" content=\"fr_FR\" \/>\n<meta property=\"og:type\" content=\"article\" \/>\n<meta property=\"og:title\" content=\"Le Blanc-Mesnil am\u00e9liore la qualit\u00e9 de ses logements gr\u00e2ce \u00e0 la certification territorialis\u00e9e NF Habitat HQE - Qualitel | Professionnels\" \/>\n<meta property=\"og:description\" content=\"Apr\u00e8s la mise en place d\u2019une charte des promoteurs et am\u00e9nageurs intervenant au Blanc-Mesnil et d\u2019un cahier de recommandations architecturales, approuv\u00e9s par le conseil municipal du 15 mars 2022, la ville a souhait\u00e9 int\u00e9grer la d\u00e9marche de certification NF Habitat HQE pour garantir la qualit\u00e9 de ses nouvelles constructions. CERQUAL a ainsi propos\u00e9 un r\u00e9f\u00e9rentiel territorialis\u00e9 \u00e0 sa charte, qui s\u2019appuie sur les exigences globales de la certification et les besoins sp\u00e9cifiques de la ville, notamment en termes de qualit\u00e9 de vie et de protection de l\u2019environnement.\" \/>\n<meta property=\"og:url\" content=\"https:\/\/www.qualitel.org\/professionnels\/actualites\/blanc-mesnil-renforce-politique-qualite-logement-certification-territorialisee-nf-habitat-hqe\/\" \/>\n<meta property=\"og:site_name\" content=\"Qualitel | Professionnels\" \/>\n<meta property=\"article:publisher\" content=\"https:\/\/www.facebook.com\/groupequalitel\/\" \/>\n<meta property=\"article:published_time\" content=\"2023-02-28T11:08:32+00:00\" \/>\n<meta property=\"article:modified_time\" content=\"2026-03-24T09:28:57+00:00\" \/>\n<meta property=\"og:image\" content=\"https:\/\/www.qualitel.org\/professionnels\/wp\/..\/uploads\/Blanc-Mesnil-3.jpg\" \/>\n\t<meta property=\"og:image:width\" content=\"900\" \/>\n\t<meta property=\"og:image:height\" content=\"513\" \/>\n\t<meta property=\"og:image:type\" content=\"image\/jpeg\" \/>\n<meta name=\"author\" content=\"Julie CARNEZ\" \/>\n<meta name=\"twitter:card\" content=\"summary_large_image\" \/>\n<meta name=\"twitter:description\" content=\"Apr\u00e8s la mise en place d\u2019une charte des promoteurs et am\u00e9nageurs intervenant au Blanc-Mesnil et d\u2019un cahier de recommandations architecturales, approuv\u00e9s par le conseil municipal du 15 mars 2022, la ville a souhait\u00e9 int\u00e9grer la d\u00e9marche de certification NF Habitat HQE pour garantir la qualit\u00e9 de ses nouvelles constructions. CERQUAL a ainsi propos\u00e9 un r\u00e9f\u00e9rentiel territorialis\u00e9 \u00e0 sa charte, qui s\u2019appuie sur les exigences globales de la certification et les besoins sp\u00e9cifiques de la ville, notamment en termes de qualit\u00e9 de vie et de protection de l\u2019environnement.\n\" \/>\n<meta name=\"twitter:creator\" content=\"@groupeQUALITEL\" \/>\n<meta name=\"twitter:site\" content=\"@groupeQUALITEL\" \/>\n<meta name=\"twitter:label1\" content=\"Written by\" \/>\n\t<meta name=\"twitter:data1\" content=\"Julie CARNEZ\" \/>\n\t<meta name=\"twitter:label2\" content=\"Est. reading time\" \/>\n\t<meta name=\"twitter:data2\" content=\"7 minutes\" \/>\n<script type=\"application\/ld+json\" class=\"yoast-schema-graph\">{\"@context\":\"https:\/\/schema.org\",\"@graph\":[{\"@type\":\"Article\",\"@id\":\"https:\/\/www.qualitel.org\/professionnels\/actualites\/blanc-mesnil-renforce-politique-qualite-logement-certification-territorialisee-nf-habitat-hqe\/#article\",\"isPartOf\":{\"@id\":\"https:\/\/www.qualitel.org\/professionnels\/actualites\/blanc-mesnil-renforce-politique-qualite-logement-certification-territorialisee-nf-habitat-hqe\/\"},\"author\":{\"name\":\"Julie CARNEZ\",\"@id\":\"https:\/\/www.qualitel.org\/professionnels\/#\/schema\/person\/8da1b40abc7d27162c267baae6ea6b6e\"},\"headline\":\"Le Blanc-Mesnil am\u00e9liore la qualit\u00e9 de ses logements gr\u00e2ce \u00e0 la certification territorialis\u00e9e NF Habitat HQE\",\"datePublished\":\"2023-02-28T11:08:32+00:00\",\"dateModified\":\"2026-03-24T09:28:57+00:00\",\"mainEntityOfPage\":{\"@id\":\"https:\/\/www.qualitel.org\/professionnels\/actualites\/blanc-mesnil-renforce-politique-qualite-logement-certification-territorialisee-nf-habitat-hqe\/\"},\"wordCount\":315,\"publisher\":{\"@id\":\"https:\/\/www.qualitel.org\/professionnels\/#organization\"},\"image\":{\"@id\":\"https:\/\/www.qualitel.org\/professionnels\/actualites\/blanc-mesnil-renforce-politique-qualite-logement-certification-territorialisee-nf-habitat-hqe\/#primaryimage\"},\"thumbnailUrl\":\"https:\/\/www.qualitel.org\/professionnels\/wp\/..\/uploads\/Blanc-Mesnil-3.jpg\",\"inLanguage\":\"fr-FR\"},{\"@type\":\"WebPage\",\"@id\":\"https:\/\/www.qualitel.org\/professionnels\/actualites\/blanc-mesnil-renforce-politique-qualite-logement-certification-territorialisee-nf-habitat-hqe\/\",\"url\":\"https:\/\/www.qualitel.org\/professionnels\/actualites\/blanc-mesnil-renforce-politique-qualite-logement-certification-territorialisee-nf-habitat-hqe\/\",\"name\":\"Le Blanc-Mesnil am\u00e9liore la qualit\u00e9 de ses logements gr\u00e2ce \u00e0 la certification territorialis\u00e9e NF Habitat HQE - Qualitel | Professionnels\",\"isPartOf\":{\"@id\":\"https:\/\/www.qualitel.org\/professionnels\/#website\"},\"primaryImageOfPage\":{\"@id\":\"https:\/\/www.qualitel.org\/professionnels\/actualites\/blanc-mesnil-renforce-politique-qualite-logement-certification-territorialisee-nf-habitat-hqe\/#primaryimage\"},\"image\":{\"@id\":\"https:\/\/www.qualitel.org\/professionnels\/actualites\/blanc-mesnil-renforce-politique-qualite-logement-certification-territorialisee-nf-habitat-hqe\/#primaryimage\"},\"thumbnailUrl\":\"https:\/\/www.qualitel.org\/professionnels\/wp\/..\/uploads\/Blanc-Mesnil-3.jpg\",\"datePublished\":\"2023-02-28T11:08:32+00:00\",\"dateModified\":\"2026-03-24T09:28:57+00:00\",\"description\":\"Apr\u00e8s la mise en place d\u2019une charte des promoteurs et am\u00e9nageurs intervenant au Blanc-Mesnil et d\u2019un cahier de recommandations architecturales, approuv\u00e9s par le conseil municipal du 15 mars 2022, la ville a souhait\u00e9 int\u00e9grer la d\u00e9marche de certification NF Habitat HQE pour garantir la qualit\u00e9 de ses nouvelles constructions. CERQUAL a ainsi propos\u00e9 un r\u00e9f\u00e9rentiel territorialis\u00e9 \u00e0 sa charte, qui s\u2019appuie sur les exigences globales de la certification et les besoins sp\u00e9cifiques de la ville, notamment en termes de qualit\u00e9 de vie et de protection de l\u2019environnement.\",\"breadcrumb\":{\"@id\":\"https:\/\/www.qualitel.org\/professionnels\/actualites\/blanc-mesnil-renforce-politique-qualite-logement-certification-territorialisee-nf-habitat-hqe\/#breadcrumb\"},\"inLanguage\":\"fr-FR\",\"potentialAction\":[{\"@type\":\"ReadAction\",\"target\":[\"https:\/\/www.qualitel.org\/professionnels\/actualites\/blanc-mesnil-renforce-politique-qualite-logement-certification-territorialisee-nf-habitat-hqe\/\"]}]},{\"@type\":\"ImageObject\",\"inLanguage\":\"fr-FR\",\"@id\":\"https:\/\/www.qualitel.org\/professionnels\/actualites\/blanc-mesnil-renforce-politique-qualite-logement-certification-territorialisee-nf-habitat-hqe\/#primaryimage\",\"url\":\"https:\/\/www.qualitel.org\/professionnels\/wp\/..\/uploads\/Blanc-Mesnil-3.jpg\",\"contentUrl\":\"https:\/\/www.qualitel.org\/professionnels\/wp\/..\/uploads\/Blanc-Mesnil-3.jpg\",\"width\":900,\"height\":513},{\"@type\":\"BreadcrumbList\",\"@id\":\"https:\/\/www.qualitel.org\/professionnels\/actualites\/blanc-mesnil-renforce-politique-qualite-logement-certification-territorialisee-nf-habitat-hqe\/#breadcrumb\",\"itemListElement\":[{\"@type\":\"ListItem\",\"position\":1,\"name\":\"Accueil\",\"item\":\"https:\/\/www.qualitel.org\/professionnels\/\"},{\"@type\":\"ListItem\",\"position\":2,\"name\":\"Le Blanc-Mesnil am\u00e9liore la qualit\u00e9 de ses logements gr\u00e2ce \u00e0 la certification territorialis\u00e9e NF Habitat HQE\"}]},{\"@type\":\"WebSite\",\"@id\":\"https:\/\/www.qualitel.org\/professionnels\/#website\",\"url\":\"https:\/\/www.qualitel.org\/professionnels\/\",\"name\":\"Qualitel | Professionnels\",\"description\":\"\",\"publisher\":{\"@id\":\"https:\/\/www.qualitel.org\/professionnels\/#organization\"},\"potentialAction\":[{\"@type\":\"SearchAction\",\"target\":{\"@type\":\"EntryPoint\",\"urlTemplate\":\"https:\/\/www.qualitel.org\/professionnels\/?s={search_term_string}\"},\"query-input\":{\"@type\":\"PropertyValueSpecification\",\"valueRequired\":true,\"valueName\":\"search_term_string\"}}],\"inLanguage\":\"fr-FR\"},{\"@type\":\"Organization\",\"@id\":\"https:\/\/www.qualitel.org\/professionnels\/#organization\",\"name\":\"Qualitel\",\"url\":\"https:\/\/www.qualitel.org\/professionnels\/\",\"logo\":{\"@type\":\"ImageObject\",\"inLanguage\":\"fr-FR\",\"@id\":\"https:\/\/www.qualitel.org\/professionnels\/#\/schema\/logo\/image\/\",\"url\":\"https:\/\/www.qualitel.org\/professionnels\/wp\/..\/uploads\/qualitel_social.jpg\",\"contentUrl\":\"https:\/\/www.qualitel.org\/professionnels\/wp\/..\/uploads\/qualitel_social.jpg\",\"width\":1080,\"height\":1080,\"caption\":\"Qualitel\"},\"image\":{\"@id\":\"https:\/\/www.qualitel.org\/professionnels\/#\/schema\/logo\/image\/\"},\"sameAs\":[\"https:\/\/www.facebook.com\/groupequalitel\/\",\"https:\/\/x.com\/groupeQUALITEL\",\"https:\/\/www.instagram.com\/associationqualitel\/\"]},{\"@type\":\"Person\",\"@id\":\"https:\/\/www.qualitel.org\/professionnels\/#\/schema\/person\/8da1b40abc7d27162c267baae6ea6b6e\",\"name\":\"Julie CARNEZ\",\"image\":{\"@type\":\"ImageObject\",\"inLanguage\":\"fr-FR\",\"@id\":\"https:\/\/www.qualitel.org\/professionnels\/#\/schema\/person\/image\/\",\"url\":\"https:\/\/secure.gravatar.com\/avatar\/41fcfdc51e7305fd5b17ead841bd2e1f6a982b0f5ccaf899636b8ccab25ca5b1?s=96&d=mm&r=g\",\"contentUrl\":\"https:\/\/secure.gravatar.com\/avatar\/41fcfdc51e7305fd5b17ead841bd2e1f6a982b0f5ccaf899636b8ccab25ca5b1?s=96&d=mm&r=g\",\"caption\":\"Julie CARNEZ\"}}]}<\/script>\n<!-- \/ Yoast SEO plugin. -->","yoast_head_json":{"title":"Le Blanc-Mesnil am\u00e9liore la qualit\u00e9 de ses logements gr\u00e2ce \u00e0 la certification territorialis\u00e9e NF Habitat HQE - Qualitel | Professionnels","description":"Apr\u00e8s la mise en place d\u2019une charte des promoteurs et am\u00e9nageurs intervenant au Blanc-Mesnil et d\u2019un cahier de recommandations architecturales, approuv\u00e9s par le conseil municipal du 15 mars 2022, la ville a souhait\u00e9 int\u00e9grer la d\u00e9marche de certification NF Habitat HQE pour garantir la qualit\u00e9 de ses nouvelles constructions. CERQUAL a ainsi propos\u00e9 un r\u00e9f\u00e9rentiel territorialis\u00e9 \u00e0 sa charte, qui s\u2019appuie sur les exigences globales de la certification et les besoins sp\u00e9cifiques de la ville, notamment en termes de qualit\u00e9 de vie et de protection de l\u2019environnement.","robots":{"index":"index","follow":"follow","max-snippet":"max-snippet:-1","max-image-preview":"max-image-preview:large","max-video-preview":"max-video-preview:-1"},"canonical":"https:\/\/www.qualitel.org\/professionnels\/actualites\/blanc-mesnil-renforce-politique-qualite-logement-certification-territorialisee-nf-habitat-hqe\/","og_locale":"fr_FR","og_type":"article","og_title":"Le Blanc-Mesnil am\u00e9liore la qualit\u00e9 de ses logements gr\u00e2ce \u00e0 la certification territorialis\u00e9e NF Habitat HQE - Qualitel | Professionnels","og_description":"Apr\u00e8s la mise en place d\u2019une charte des promoteurs et am\u00e9nageurs intervenant au Blanc-Mesnil et d\u2019un cahier de recommandations architecturales, approuv\u00e9s par le conseil municipal du 15 mars 2022, la ville a souhait\u00e9 int\u00e9grer la d\u00e9marche de certification NF Habitat HQE pour garantir la qualit\u00e9 de ses nouvelles constructions. CERQUAL a ainsi propos\u00e9 un r\u00e9f\u00e9rentiel territorialis\u00e9 \u00e0 sa charte, qui s\u2019appuie sur les exigences globales de la certification et les besoins sp\u00e9cifiques de la ville, notamment en termes de qualit\u00e9 de vie et de protection de l\u2019environnement.","og_url":"https:\/\/www.qualitel.org\/professionnels\/actualites\/blanc-mesnil-renforce-politique-qualite-logement-certification-territorialisee-nf-habitat-hqe\/","og_site_name":"Qualitel | Professionnels","article_publisher":"https:\/\/www.facebook.com\/groupequalitel\/","article_published_time":"2023-02-28T11:08:32+00:00","article_modified_time":"2026-03-24T09:28:57+00:00","og_image":[{"width":900,"height":513,"url":"https:\/\/www.qualitel.org\/professionnels\/wp\/..\/uploads\/Blanc-Mesnil-3.jpg","type":"image\/jpeg"}],"author":"Julie CARNEZ","twitter_card":"summary_large_image","twitter_description":"Apr\u00e8s la mise en place d\u2019une charte des promoteurs et am\u00e9nageurs intervenant au Blanc-Mesnil et d\u2019un cahier de recommandations architecturales, approuv\u00e9s par le conseil municipal du 15 mars 2022, la ville a souhait\u00e9 int\u00e9grer la d\u00e9marche de certification NF Habitat HQE pour garantir la qualit\u00e9 de ses nouvelles constructions. CERQUAL a ainsi propos\u00e9 un r\u00e9f\u00e9rentiel territorialis\u00e9 \u00e0 sa charte, qui s\u2019appuie sur les exigences globales de la certification et les besoins sp\u00e9cifiques de la ville, notamment en termes de qualit\u00e9 de vie et de protection de l\u2019environnement.\n","twitter_creator":"@groupeQUALITEL","twitter_site":"@groupeQUALITEL","twitter_misc":{"Written by":"Julie CARNEZ","Est. reading time":"7 minutes"},"schema":{"@context":"https:\/\/schema.org","@graph":[{"@type":"Article","@id":"https:\/\/www.qualitel.org\/professionnels\/actualites\/blanc-mesnil-renforce-politique-qualite-logement-certification-territorialisee-nf-habitat-hqe\/#article","isPartOf":{"@id":"https:\/\/www.qualitel.org\/professionnels\/actualites\/blanc-mesnil-renforce-politique-qualite-logement-certification-territorialisee-nf-habitat-hqe\/"},"author":{"name":"Julie CARNEZ","@id":"https:\/\/www.qualitel.org\/professionnels\/#\/schema\/person\/8da1b40abc7d27162c267baae6ea6b6e"},"headline":"Le Blanc-Mesnil am\u00e9liore la qualit\u00e9 de ses logements gr\u00e2ce \u00e0 la certification territorialis\u00e9e NF Habitat HQE","datePublished":"2023-02-28T11:08:32+00:00","dateModified":"2026-03-24T09:28:57+00:00","mainEntityOfPage":{"@id":"https:\/\/www.qualitel.org\/professionnels\/actualites\/blanc-mesnil-renforce-politique-qualite-logement-certification-territorialisee-nf-habitat-hqe\/"},"wordCount":315,"publisher":{"@id":"https:\/\/www.qualitel.org\/professionnels\/#organization"},"image":{"@id":"https:\/\/www.qualitel.org\/professionnels\/actualites\/blanc-mesnil-renforce-politique-qualite-logement-certification-territorialisee-nf-habitat-hqe\/#primaryimage"},"thumbnailUrl":"https:\/\/www.qualitel.org\/professionnels\/wp\/..\/uploads\/Blanc-Mesnil-3.jpg","inLanguage":"fr-FR"},{"@type":"WebPage","@id":"https:\/\/www.qualitel.org\/professionnels\/actualites\/blanc-mesnil-renforce-politique-qualite-logement-certification-territorialisee-nf-habitat-hqe\/","url":"https:\/\/www.qualitel.org\/professionnels\/actualites\/blanc-mesnil-renforce-politique-qualite-logement-certification-territorialisee-nf-habitat-hqe\/","name":"Le Blanc-Mesnil am\u00e9liore la qualit\u00e9 de ses logements gr\u00e2ce \u00e0 la certification territorialis\u00e9e NF Habitat HQE - Qualitel | Professionnels","isPartOf":{"@id":"https:\/\/www.qualitel.org\/professionnels\/#website"},"primaryImageOfPage":{"@id":"https:\/\/www.qualitel.org\/professionnels\/actualites\/blanc-mesnil-renforce-politique-qualite-logement-certification-territorialisee-nf-habitat-hqe\/#primaryimage"},"image":{"@id":"https:\/\/www.qualitel.org\/professionnels\/actualites\/blanc-mesnil-renforce-politique-qualite-logement-certification-territorialisee-nf-habitat-hqe\/#primaryimage"},"thumbnailUrl":"https:\/\/www.qualitel.org\/professionnels\/wp\/..\/uploads\/Blanc-Mesnil-3.jpg","datePublished":"2023-02-28T11:08:32+00:00","dateModified":"2026-03-24T09:28:57+00:00","description":"Apr\u00e8s la mise en place d\u2019une charte des promoteurs et am\u00e9nageurs intervenant au Blanc-Mesnil et d\u2019un cahier de recommandations architecturales, approuv\u00e9s par le conseil municipal du 15 mars 2022, la ville a souhait\u00e9 int\u00e9grer la d\u00e9marche de certification NF Habitat HQE pour garantir la qualit\u00e9 de ses nouvelles constructions. CERQUAL a ainsi propos\u00e9 un r\u00e9f\u00e9rentiel territorialis\u00e9 \u00e0 sa charte, qui s\u2019appuie sur les exigences globales de la certification et les besoins sp\u00e9cifiques de la ville, notamment en termes de qualit\u00e9 de vie et de protection de l\u2019environnement.","breadcrumb":{"@id":"https:\/\/www.qualitel.org\/professionnels\/actualites\/blanc-mesnil-renforce-politique-qualite-logement-certification-territorialisee-nf-habitat-hqe\/#breadcrumb"},"inLanguage":"fr-FR","potentialAction":[{"@type":"ReadAction","target":["https:\/\/www.qualitel.org\/professionnels\/actualites\/blanc-mesnil-renforce-politique-qualite-logement-certification-territorialisee-nf-habitat-hqe\/"]}]},{"@type":"ImageObject","inLanguage":"fr-FR","@id":"https:\/\/www.qualitel.org\/professionnels\/actualites\/blanc-mesnil-renforce-politique-qualite-logement-certification-territorialisee-nf-habitat-hqe\/#primaryimage","url":"https:\/\/www.qualitel.org\/professionnels\/wp\/..\/uploads\/Blanc-Mesnil-3.jpg","contentUrl":"https:\/\/www.qualitel.org\/professionnels\/wp\/..\/uploads\/Blanc-Mesnil-3.jpg","width":900,"height":513},{"@type":"BreadcrumbList","@id":"https:\/\/www.qualitel.org\/professionnels\/actualites\/blanc-mesnil-renforce-politique-qualite-logement-certification-territorialisee-nf-habitat-hqe\/#breadcrumb","itemListElement":[{"@type":"ListItem","position":1,"name":"Accueil","item":"https:\/\/www.qualitel.org\/professionnels\/"},{"@type":"ListItem","position":2,"name":"Le Blanc-Mesnil am\u00e9liore la qualit\u00e9 de ses logements gr\u00e2ce \u00e0 la certification territorialis\u00e9e NF Habitat HQE"}]},{"@type":"WebSite","@id":"https:\/\/www.qualitel.org\/professionnels\/#website","url":"https:\/\/www.qualitel.org\/professionnels\/","name":"Qualitel | Professionnels","description":"","publisher":{"@id":"https:\/\/www.qualitel.org\/professionnels\/#organization"},"potentialAction":[{"@type":"SearchAction","target":{"@type":"EntryPoint","urlTemplate":"https:\/\/www.qualitel.org\/professionnels\/?s={search_term_string}"},"query-input":{"@type":"PropertyValueSpecification","valueRequired":true,"valueName":"search_term_string"}}],"inLanguage":"fr-FR"},{"@type":"Organization","@id":"https:\/\/www.qualitel.org\/professionnels\/#organization","name":"Qualitel","url":"https:\/\/www.qualitel.org\/professionnels\/","logo":{"@type":"ImageObject","inLanguage":"fr-FR","@id":"https:\/\/www.qualitel.org\/professionnels\/#\/schema\/logo\/image\/","url":"https:\/\/www.qualitel.org\/professionnels\/wp\/..\/uploads\/qualitel_social.jpg","contentUrl":"https:\/\/www.qualitel.org\/professionnels\/wp\/..\/uploads\/qualitel_social.jpg","width":1080,"height":1080,"caption":"Qualitel"},"image":{"@id":"https:\/\/www.qualitel.org\/professionnels\/#\/schema\/logo\/image\/"},"sameAs":["https:\/\/www.facebook.com\/groupequalitel\/","https:\/\/x.com\/groupeQUALITEL","https:\/\/www.instagram.com\/associationqualitel\/"]},{"@type":"Person","@id":"https:\/\/www.qualitel.org\/professionnels\/#\/schema\/person\/8da1b40abc7d27162c267baae6ea6b6e","name":"Julie CARNEZ","image":{"@type":"ImageObject","inLanguage":"fr-FR","@id":"https:\/\/www.qualitel.org\/professionnels\/#\/schema\/person\/image\/","url":"https:\/\/secure.gravatar.com\/avatar\/41fcfdc51e7305fd5b17ead841bd2e1f6a982b0f5ccaf899636b8ccab25ca5b1?s=96&d=mm&r=g","contentUrl":"https:\/\/secure.gravatar.com\/avatar\/41fcfdc51e7305fd5b17ead841bd2e1f6a982b0f5ccaf899636b8ccab25ca5b1?s=96&d=mm&r=g","caption":"Julie CARNEZ"}}]}},"_links":{"self":[{"href":"https:\/\/www.qualitel.org\/professionnels\/wp-json\/wp\/v2\/posts\/63590","targetHints":{"allow":["GET"]}}],"collection":[{"href":"https:\/\/www.qualitel.org\/professionnels\/wp-json\/wp\/v2\/posts"}],"about":[{"href":"https:\/\/www.qualitel.org\/professionnels\/wp-json\/wp\/v2\/types\/post"}],"author":[{"embeddable":true,"href":"https:\/\/www.qualitel.org\/professionnels\/wp-json\/wp\/v2\/users\/24"}],"replies":[{"embeddable":true,"href":"https:\/\/www.qualitel.org\/professionnels\/wp-json\/wp\/v2\/comments?post=63590"}],"version-history":[{"count":47,"href":"https:\/\/www.qualitel.org\/professionnels\/wp-json\/wp\/v2\/posts\/63590\/revisions"}],"predecessor-version":[{"id":128651,"href":"https:\/\/www.qualitel.org\/professionnels\/wp-json\/wp\/v2\/posts\/63590\/revisions\/128651"}],"wp:featuredmedia":[{"embeddable":true,"href":"https:\/\/www.qualitel.org\/professionnels\/wp-json\/wp\/v2\/media\/63621"}],"wp:attachment":[{"href":"https:\/\/www.qualitel.org\/professionnels\/wp-json\/wp\/v2\/media?parent=63590"}],"wp:term":[{"taxonomy":"tags","embeddable":true,"href":"https:\/\/www.qualitel.org\/professionnels\/wp-json\/wp\/v2\/tags?post=63590"},{"taxonomy":"etiquettes","embeddable":true,"href":"https:\/\/www.qualitel.org\/professionnels\/wp-json\/wp\/v2\/tags?post=63590"},{"taxonomy":"article_type","embeddable":true,"href":"https:\/\/www.qualitel.org\/professionnels\/wp-json\/wp\/v2\/article_type?post=63590"}],"curies":[{"name":"wp","href":"https:\/\/api.w.org\/{rel}","templated":true}]}}