{"id":64698,"date":"2023-04-14T11:57:42","date_gmt":"2023-04-14T09:57:42","guid":{"rendered":"https:\/\/www.qualitel.org\/professionnels\/?p=64698"},"modified":"2025-12-29T14:19:42","modified_gmt":"2025-12-29T13:19:42","slug":"renovation-des-coproprietes-creer-la-confiance-pour-concretiser-la-performance","status":"publish","type":"post","link":"https:\/\/www.qualitel.org\/professionnels\/renovation-des-coproprietes-creer-la-confiance-pour-concretiser-la-performance\/","title":{"rendered":"R\u00e9novation des copropri\u00e9t\u00e9s\u202f: cr\u00e9er la confiance pour concr\u00e9tiser la performance"},"content":{"rendered":"","protected":false},"excerpt":{"rendered":"","protected":false},"author":24,"featured_media":64532,"comment_status":"closed","ping_status":"closed","sticky":false,"template":"","format":"standard","meta":{"_acf_changed":false,"footnotes":""},"tags":[420],"article_type":[368],"class_list":["post-64698","post","type-post","status-publish","format-standard","has-post-thumbnail","hentry","tags-certification","tags-copropriete","etiquettes-signature","article_type-actualites"],"acf":[],"yoast_head":"<!-- This site is optimized with the Yoast SEO plugin v26.3 - https:\/\/yoast.com\/wordpress\/plugins\/seo\/ -->\n<title>R\u00e9novation des copropri\u00e9t\u00e9s\u202f: cr\u00e9er la confiance pour concr\u00e9tiser la performance - Qualitel | Professionnels<\/title>\n<meta name=\"description\" content=\"Le 27 f\u00e9vrier dernier, Sylvain Lef\u00e8vre, Pr\u00e9sident de La Centrale de Financement et Antoine Desbarri\u00e8res, Pr\u00e9sident de CERQUAL Qualitel Certification se sont r\u00e9unis pour signer une convention de partenariat contractualisant ainsi la volont\u00e9 commune de ces deux organismes, de renforcer leur action en faveur de la r\u00e9novation des copropri\u00e9t\u00e9s.\" \/>\n<meta name=\"robots\" content=\"index, follow, max-snippet:-1, max-image-preview:large, max-video-preview:-1\" \/>\n<link rel=\"canonical\" href=\"https:\/\/www.qualitel.org\/professionnels\/renovation-des-coproprietes-creer-la-confiance-pour-concretiser-la-performance\/\" \/>\n<meta property=\"og:locale\" content=\"fr_FR\" \/>\n<meta property=\"og:type\" content=\"article\" \/>\n<meta property=\"og:title\" content=\"R\u00e9novation des copropri\u00e9t\u00e9s\u202f: cr\u00e9er la confiance pour concr\u00e9tiser la performance - Qualitel | Professionnels\" \/>\n<meta property=\"og:description\" content=\"Le 27 f\u00e9vrier dernier, Sylvain Lef\u00e8vre, Pr\u00e9sident de La Centrale de Financement et Antoine Desbarri\u00e8res, Pr\u00e9sident de CERQUAL Qualitel Certification se sont r\u00e9unis pour signer une convention de partenariat contractualisant ainsi la volont\u00e9 commune de ces deux organismes, de renforcer leur action en faveur de la r\u00e9novation des copropri\u00e9t\u00e9s.\" \/>\n<meta property=\"og:url\" content=\"https:\/\/www.qualitel.org\/professionnels\/renovation-des-coproprietes-creer-la-confiance-pour-concretiser-la-performance\/\" \/>\n<meta property=\"og:site_name\" content=\"Qualitel | Professionnels\" \/>\n<meta property=\"article:publisher\" content=\"https:\/\/www.facebook.com\/groupequalitel\/\" \/>\n<meta property=\"article:published_time\" content=\"2023-04-14T09:57:42+00:00\" \/>\n<meta property=\"article:modified_time\" content=\"2025-12-29T13:19:42+00:00\" \/>\n<meta property=\"og:image\" content=\"https:\/\/www.qualitel.org\/professionnels\/wp\/..\/uploads\/Partenariat-CQC_centrale-Financement.jpg\" \/>\n\t<meta property=\"og:image:width\" content=\"900\" \/>\n\t<meta property=\"og:image:height\" content=\"513\" \/>\n\t<meta property=\"og:image:type\" content=\"image\/jpeg\" \/>\n<meta name=\"author\" content=\"Julie CARNEZ\" \/>\n<meta name=\"twitter:card\" content=\"summary_large_image\" \/>\n<meta name=\"twitter:description\" content=\"Le 27 f\u00e9vrier dernier, Sylvain Lef\u00e8vre, Pr\u00e9sident de La Centrale de Financement et Antoine Desbarri\u00e8res, Pr\u00e9sident de CERQUAL Qualitel Certification se sont r\u00e9unis pour signer une convention de partenariat contractualisant ainsi la volont\u00e9 commune de ces deux organismes, de renforcer leur action en faveur de la r\u00e9novation des copropri\u00e9t\u00e9s.\n\" \/>\n<meta name=\"twitter:creator\" content=\"@groupeQUALITEL\" \/>\n<meta name=\"twitter:site\" content=\"@groupeQUALITEL\" \/>\n<meta name=\"twitter:label1\" content=\"Written by\" \/>\n\t<meta name=\"twitter:data1\" content=\"Julie CARNEZ\" \/>\n\t<meta name=\"twitter:label2\" content=\"Est. reading time\" \/>\n\t<meta name=\"twitter:data2\" content=\"3 minutes\" \/>\n<script type=\"application\/ld+json\" class=\"yoast-schema-graph\">{\"@context\":\"https:\/\/schema.org\",\"@graph\":[{\"@type\":\"Article\",\"@id\":\"https:\/\/www.qualitel.org\/professionnels\/renovation-des-coproprietes-creer-la-confiance-pour-concretiser-la-performance\/#article\",\"isPartOf\":{\"@id\":\"https:\/\/www.qualitel.org\/professionnels\/renovation-des-coproprietes-creer-la-confiance-pour-concretiser-la-performance\/\"},\"author\":{\"name\":\"Julie CARNEZ\",\"@id\":\"https:\/\/www.qualitel.org\/professionnels\/#\/schema\/person\/8da1b40abc7d27162c267baae6ea6b6e\"},\"headline\":\"R\u00e9novation des copropri\u00e9t\u00e9s\u202f: cr\u00e9er la confiance pour concr\u00e9tiser la performance\",\"datePublished\":\"2023-04-14T09:57:42+00:00\",\"dateModified\":\"2025-12-29T13:19:42+00:00\",\"mainEntityOfPage\":{\"@id\":\"https:\/\/www.qualitel.org\/professionnels\/renovation-des-coproprietes-creer-la-confiance-pour-concretiser-la-performance\/\"},\"wordCount\":15,\"publisher\":{\"@id\":\"https:\/\/www.qualitel.org\/professionnels\/#organization\"},\"image\":{\"@id\":\"https:\/\/www.qualitel.org\/professionnels\/renovation-des-coproprietes-creer-la-confiance-pour-concretiser-la-performance\/#primaryimage\"},\"thumbnailUrl\":\"https:\/\/www.qualitel.org\/professionnels\/wp\/..\/uploads\/Partenariat-CQC_centrale-Financement.jpg\",\"inLanguage\":\"fr-FR\"},{\"@type\":\"WebPage\",\"@id\":\"https:\/\/www.qualitel.org\/professionnels\/renovation-des-coproprietes-creer-la-confiance-pour-concretiser-la-performance\/\",\"url\":\"https:\/\/www.qualitel.org\/professionnels\/renovation-des-coproprietes-creer-la-confiance-pour-concretiser-la-performance\/\",\"name\":\"R\u00e9novation des copropri\u00e9t\u00e9s\u202f: cr\u00e9er la confiance pour concr\u00e9tiser la performance - Qualitel | Professionnels\",\"isPartOf\":{\"@id\":\"https:\/\/www.qualitel.org\/professionnels\/#website\"},\"primaryImageOfPage\":{\"@id\":\"https:\/\/www.qualitel.org\/professionnels\/renovation-des-coproprietes-creer-la-confiance-pour-concretiser-la-performance\/#primaryimage\"},\"image\":{\"@id\":\"https:\/\/www.qualitel.org\/professionnels\/renovation-des-coproprietes-creer-la-confiance-pour-concretiser-la-performance\/#primaryimage\"},\"thumbnailUrl\":\"https:\/\/www.qualitel.org\/professionnels\/wp\/..\/uploads\/Partenariat-CQC_centrale-Financement.jpg\",\"datePublished\":\"2023-04-14T09:57:42+00:00\",\"dateModified\":\"2025-12-29T13:19:42+00:00\",\"description\":\"Le 27 f\u00e9vrier dernier, Sylvain Lef\u00e8vre, Pr\u00e9sident de La Centrale de Financement et Antoine Desbarri\u00e8res, Pr\u00e9sident de CERQUAL Qualitel Certification se sont r\u00e9unis pour signer une convention de partenariat contractualisant ainsi la volont\u00e9 commune de ces deux organismes, de renforcer leur action en faveur de la r\u00e9novation des copropri\u00e9t\u00e9s.\",\"breadcrumb\":{\"@id\":\"https:\/\/www.qualitel.org\/professionnels\/renovation-des-coproprietes-creer-la-confiance-pour-concretiser-la-performance\/#breadcrumb\"},\"inLanguage\":\"fr-FR\",\"potentialAction\":[{\"@type\":\"ReadAction\",\"target\":[\"https:\/\/www.qualitel.org\/professionnels\/renovation-des-coproprietes-creer-la-confiance-pour-concretiser-la-performance\/\"]}]},{\"@type\":\"ImageObject\",\"inLanguage\":\"fr-FR\",\"@id\":\"https:\/\/www.qualitel.org\/professionnels\/renovation-des-coproprietes-creer-la-confiance-pour-concretiser-la-performance\/#primaryimage\",\"url\":\"https:\/\/www.qualitel.org\/professionnels\/wp\/..\/uploads\/Partenariat-CQC_centrale-Financement.jpg\",\"contentUrl\":\"https:\/\/www.qualitel.org\/professionnels\/wp\/..\/uploads\/Partenariat-CQC_centrale-Financement.jpg\",\"width\":900,\"height\":513,\"caption\":\"Antoine Desbarri\u00e8res, Pr\u00e9sident de CERQUAL et Sylvain Lef\u00e8vre Pr\u00e9sident de La Centrale de Financement\"},{\"@type\":\"BreadcrumbList\",\"@id\":\"https:\/\/www.qualitel.org\/professionnels\/renovation-des-coproprietes-creer-la-confiance-pour-concretiser-la-performance\/#breadcrumb\",\"itemListElement\":[{\"@type\":\"ListItem\",\"position\":1,\"name\":\"Accueil\",\"item\":\"https:\/\/www.qualitel.org\/professionnels\/\"},{\"@type\":\"ListItem\",\"position\":2,\"name\":\"R\u00e9novation des copropri\u00e9t\u00e9s\u202f: cr\u00e9er la confiance pour concr\u00e9tiser la performance\"}]},{\"@type\":\"WebSite\",\"@id\":\"https:\/\/www.qualitel.org\/professionnels\/#website\",\"url\":\"https:\/\/www.qualitel.org\/professionnels\/\",\"name\":\"Qualitel | Professionnels\",\"description\":\"\",\"publisher\":{\"@id\":\"https:\/\/www.qualitel.org\/professionnels\/#organization\"},\"potentialAction\":[{\"@type\":\"SearchAction\",\"target\":{\"@type\":\"EntryPoint\",\"urlTemplate\":\"https:\/\/www.qualitel.org\/professionnels\/?s={search_term_string}\"},\"query-input\":{\"@type\":\"PropertyValueSpecification\",\"valueRequired\":true,\"valueName\":\"search_term_string\"}}],\"inLanguage\":\"fr-FR\"},{\"@type\":\"Organization\",\"@id\":\"https:\/\/www.qualitel.org\/professionnels\/#organization\",\"name\":\"Qualitel\",\"url\":\"https:\/\/www.qualitel.org\/professionnels\/\",\"logo\":{\"@type\":\"ImageObject\",\"inLanguage\":\"fr-FR\",\"@id\":\"https:\/\/www.qualitel.org\/professionnels\/#\/schema\/logo\/image\/\",\"url\":\"https:\/\/www.qualitel.org\/professionnels\/wp\/..\/uploads\/qualitel_social.jpg\",\"contentUrl\":\"https:\/\/www.qualitel.org\/professionnels\/wp\/..\/uploads\/qualitel_social.jpg\",\"width\":1080,\"height\":1080,\"caption\":\"Qualitel\"},\"image\":{\"@id\":\"https:\/\/www.qualitel.org\/professionnels\/#\/schema\/logo\/image\/\"},\"sameAs\":[\"https:\/\/www.facebook.com\/groupequalitel\/\",\"https:\/\/x.com\/groupeQUALITEL\",\"https:\/\/www.instagram.com\/associationqualitel\/\"]},{\"@type\":\"Person\",\"@id\":\"https:\/\/www.qualitel.org\/professionnels\/#\/schema\/person\/8da1b40abc7d27162c267baae6ea6b6e\",\"name\":\"Julie CARNEZ\",\"image\":{\"@type\":\"ImageObject\",\"inLanguage\":\"fr-FR\",\"@id\":\"https:\/\/www.qualitel.org\/professionnels\/#\/schema\/person\/image\/\",\"url\":\"https:\/\/secure.gravatar.com\/avatar\/41fcfdc51e7305fd5b17ead841bd2e1f6a982b0f5ccaf899636b8ccab25ca5b1?s=96&d=mm&r=g\",\"contentUrl\":\"https:\/\/secure.gravatar.com\/avatar\/41fcfdc51e7305fd5b17ead841bd2e1f6a982b0f5ccaf899636b8ccab25ca5b1?s=96&d=mm&r=g\",\"caption\":\"Julie CARNEZ\"}}]}<\/script>\n<!-- \/ Yoast SEO plugin. -->","yoast_head_json":{"title":"R\u00e9novation des copropri\u00e9t\u00e9s\u202f: cr\u00e9er la confiance pour concr\u00e9tiser la performance - Qualitel | Professionnels","description":"Le 27 f\u00e9vrier dernier, Sylvain Lef\u00e8vre, Pr\u00e9sident de La Centrale de Financement et Antoine Desbarri\u00e8res, Pr\u00e9sident de CERQUAL Qualitel Certification se sont r\u00e9unis pour signer une convention de partenariat contractualisant ainsi la volont\u00e9 commune de ces deux organismes, de renforcer leur action en faveur de la r\u00e9novation des copropri\u00e9t\u00e9s.","robots":{"index":"index","follow":"follow","max-snippet":"max-snippet:-1","max-image-preview":"max-image-preview:large","max-video-preview":"max-video-preview:-1"},"canonical":"https:\/\/www.qualitel.org\/professionnels\/renovation-des-coproprietes-creer-la-confiance-pour-concretiser-la-performance\/","og_locale":"fr_FR","og_type":"article","og_title":"R\u00e9novation des copropri\u00e9t\u00e9s\u202f: cr\u00e9er la confiance pour concr\u00e9tiser la performance - Qualitel | Professionnels","og_description":"Le 27 f\u00e9vrier dernier, Sylvain Lef\u00e8vre, Pr\u00e9sident de La Centrale de Financement et Antoine Desbarri\u00e8res, Pr\u00e9sident de CERQUAL Qualitel Certification se sont r\u00e9unis pour signer une convention de partenariat contractualisant ainsi la volont\u00e9 commune de ces deux organismes, de renforcer leur action en faveur de la r\u00e9novation des copropri\u00e9t\u00e9s.","og_url":"https:\/\/www.qualitel.org\/professionnels\/renovation-des-coproprietes-creer-la-confiance-pour-concretiser-la-performance\/","og_site_name":"Qualitel | Professionnels","article_publisher":"https:\/\/www.facebook.com\/groupequalitel\/","article_published_time":"2023-04-14T09:57:42+00:00","article_modified_time":"2025-12-29T13:19:42+00:00","og_image":[{"width":900,"height":513,"url":"https:\/\/www.qualitel.org\/professionnels\/wp\/..\/uploads\/Partenariat-CQC_centrale-Financement.jpg","type":"image\/jpeg"}],"author":"Julie CARNEZ","twitter_card":"summary_large_image","twitter_description":"Le 27 f\u00e9vrier dernier, Sylvain Lef\u00e8vre, Pr\u00e9sident de La Centrale de Financement et Antoine Desbarri\u00e8res, Pr\u00e9sident de CERQUAL Qualitel Certification se sont r\u00e9unis pour signer une convention de partenariat contractualisant ainsi la volont\u00e9 commune de ces deux organismes, de renforcer leur action en faveur de la r\u00e9novation des copropri\u00e9t\u00e9s.\n","twitter_creator":"@groupeQUALITEL","twitter_site":"@groupeQUALITEL","twitter_misc":{"Written by":"Julie CARNEZ","Est. reading time":"3 minutes"},"schema":{"@context":"https:\/\/schema.org","@graph":[{"@type":"Article","@id":"https:\/\/www.qualitel.org\/professionnels\/renovation-des-coproprietes-creer-la-confiance-pour-concretiser-la-performance\/#article","isPartOf":{"@id":"https:\/\/www.qualitel.org\/professionnels\/renovation-des-coproprietes-creer-la-confiance-pour-concretiser-la-performance\/"},"author":{"name":"Julie CARNEZ","@id":"https:\/\/www.qualitel.org\/professionnels\/#\/schema\/person\/8da1b40abc7d27162c267baae6ea6b6e"},"headline":"R\u00e9novation des copropri\u00e9t\u00e9s\u202f: cr\u00e9er la confiance pour concr\u00e9tiser la performance","datePublished":"2023-04-14T09:57:42+00:00","dateModified":"2025-12-29T13:19:42+00:00","mainEntityOfPage":{"@id":"https:\/\/www.qualitel.org\/professionnels\/renovation-des-coproprietes-creer-la-confiance-pour-concretiser-la-performance\/"},"wordCount":15,"publisher":{"@id":"https:\/\/www.qualitel.org\/professionnels\/#organization"},"image":{"@id":"https:\/\/www.qualitel.org\/professionnels\/renovation-des-coproprietes-creer-la-confiance-pour-concretiser-la-performance\/#primaryimage"},"thumbnailUrl":"https:\/\/www.qualitel.org\/professionnels\/wp\/..\/uploads\/Partenariat-CQC_centrale-Financement.jpg","inLanguage":"fr-FR"},{"@type":"WebPage","@id":"https:\/\/www.qualitel.org\/professionnels\/renovation-des-coproprietes-creer-la-confiance-pour-concretiser-la-performance\/","url":"https:\/\/www.qualitel.org\/professionnels\/renovation-des-coproprietes-creer-la-confiance-pour-concretiser-la-performance\/","name":"R\u00e9novation des copropri\u00e9t\u00e9s\u202f: cr\u00e9er la confiance pour concr\u00e9tiser la performance - Qualitel | Professionnels","isPartOf":{"@id":"https:\/\/www.qualitel.org\/professionnels\/#website"},"primaryImageOfPage":{"@id":"https:\/\/www.qualitel.org\/professionnels\/renovation-des-coproprietes-creer-la-confiance-pour-concretiser-la-performance\/#primaryimage"},"image":{"@id":"https:\/\/www.qualitel.org\/professionnels\/renovation-des-coproprietes-creer-la-confiance-pour-concretiser-la-performance\/#primaryimage"},"thumbnailUrl":"https:\/\/www.qualitel.org\/professionnels\/wp\/..\/uploads\/Partenariat-CQC_centrale-Financement.jpg","datePublished":"2023-04-14T09:57:42+00:00","dateModified":"2025-12-29T13:19:42+00:00","description":"Le 27 f\u00e9vrier dernier, Sylvain Lef\u00e8vre, Pr\u00e9sident de La Centrale de Financement et Antoine Desbarri\u00e8res, Pr\u00e9sident de CERQUAL Qualitel Certification se sont r\u00e9unis pour signer une convention de partenariat contractualisant ainsi la volont\u00e9 commune de ces deux organismes, de renforcer leur action en faveur de la r\u00e9novation des copropri\u00e9t\u00e9s.","breadcrumb":{"@id":"https:\/\/www.qualitel.org\/professionnels\/renovation-des-coproprietes-creer-la-confiance-pour-concretiser-la-performance\/#breadcrumb"},"inLanguage":"fr-FR","potentialAction":[{"@type":"ReadAction","target":["https:\/\/www.qualitel.org\/professionnels\/renovation-des-coproprietes-creer-la-confiance-pour-concretiser-la-performance\/"]}]},{"@type":"ImageObject","inLanguage":"fr-FR","@id":"https:\/\/www.qualitel.org\/professionnels\/renovation-des-coproprietes-creer-la-confiance-pour-concretiser-la-performance\/#primaryimage","url":"https:\/\/www.qualitel.org\/professionnels\/wp\/..\/uploads\/Partenariat-CQC_centrale-Financement.jpg","contentUrl":"https:\/\/www.qualitel.org\/professionnels\/wp\/..\/uploads\/Partenariat-CQC_centrale-Financement.jpg","width":900,"height":513,"caption":"Antoine Desbarri\u00e8res, Pr\u00e9sident de CERQUAL et Sylvain Lef\u00e8vre Pr\u00e9sident de La Centrale de Financement"},{"@type":"BreadcrumbList","@id":"https:\/\/www.qualitel.org\/professionnels\/renovation-des-coproprietes-creer-la-confiance-pour-concretiser-la-performance\/#breadcrumb","itemListElement":[{"@type":"ListItem","position":1,"name":"Accueil","item":"https:\/\/www.qualitel.org\/professionnels\/"},{"@type":"ListItem","position":2,"name":"R\u00e9novation des copropri\u00e9t\u00e9s\u202f: cr\u00e9er la confiance pour concr\u00e9tiser la performance"}]},{"@type":"WebSite","@id":"https:\/\/www.qualitel.org\/professionnels\/#website","url":"https:\/\/www.qualitel.org\/professionnels\/","name":"Qualitel | Professionnels","description":"","publisher":{"@id":"https:\/\/www.qualitel.org\/professionnels\/#organization"},"potentialAction":[{"@type":"SearchAction","target":{"@type":"EntryPoint","urlTemplate":"https:\/\/www.qualitel.org\/professionnels\/?s={search_term_string}"},"query-input":{"@type":"PropertyValueSpecification","valueRequired":true,"valueName":"search_term_string"}}],"inLanguage":"fr-FR"},{"@type":"Organization","@id":"https:\/\/www.qualitel.org\/professionnels\/#organization","name":"Qualitel","url":"https:\/\/www.qualitel.org\/professionnels\/","logo":{"@type":"ImageObject","inLanguage":"fr-FR","@id":"https:\/\/www.qualitel.org\/professionnels\/#\/schema\/logo\/image\/","url":"https:\/\/www.qualitel.org\/professionnels\/wp\/..\/uploads\/qualitel_social.jpg","contentUrl":"https:\/\/www.qualitel.org\/professionnels\/wp\/..\/uploads\/qualitel_social.jpg","width":1080,"height":1080,"caption":"Qualitel"},"image":{"@id":"https:\/\/www.qualitel.org\/professionnels\/#\/schema\/logo\/image\/"},"sameAs":["https:\/\/www.facebook.com\/groupequalitel\/","https:\/\/x.com\/groupeQUALITEL","https:\/\/www.instagram.com\/associationqualitel\/"]},{"@type":"Person","@id":"https:\/\/www.qualitel.org\/professionnels\/#\/schema\/person\/8da1b40abc7d27162c267baae6ea6b6e","name":"Julie CARNEZ","image":{"@type":"ImageObject","inLanguage":"fr-FR","@id":"https:\/\/www.qualitel.org\/professionnels\/#\/schema\/person\/image\/","url":"https:\/\/secure.gravatar.com\/avatar\/41fcfdc51e7305fd5b17ead841bd2e1f6a982b0f5ccaf899636b8ccab25ca5b1?s=96&d=mm&r=g","contentUrl":"https:\/\/secure.gravatar.com\/avatar\/41fcfdc51e7305fd5b17ead841bd2e1f6a982b0f5ccaf899636b8ccab25ca5b1?s=96&d=mm&r=g","caption":"Julie CARNEZ"}}]}},"_links":{"self":[{"href":"https:\/\/www.qualitel.org\/professionnels\/wp-json\/wp\/v2\/posts\/64698","targetHints":{"allow":["GET"]}}],"collection":[{"href":"https:\/\/www.qualitel.org\/professionnels\/wp-json\/wp\/v2\/posts"}],"about":[{"href":"https:\/\/www.qualitel.org\/professionnels\/wp-json\/wp\/v2\/types\/post"}],"author":[{"embeddable":true,"href":"https:\/\/www.qualitel.org\/professionnels\/wp-json\/wp\/v2\/users\/24"}],"replies":[{"embeddable":true,"href":"https:\/\/www.qualitel.org\/professionnels\/wp-json\/wp\/v2\/comments?post=64698"}],"version-history":[{"count":22,"href":"https:\/\/www.qualitel.org\/professionnels\/wp-json\/wp\/v2\/posts\/64698\/revisions"}],"predecessor-version":[{"id":124179,"href":"https:\/\/www.qualitel.org\/professionnels\/wp-json\/wp\/v2\/posts\/64698\/revisions\/124179"}],"wp:featuredmedia":[{"embeddable":true,"href":"https:\/\/www.qualitel.org\/professionnels\/wp-json\/wp\/v2\/media\/64532"}],"wp:attachment":[{"href":"https:\/\/www.qualitel.org\/professionnels\/wp-json\/wp\/v2\/media?parent=64698"}],"wp:term":[{"taxonomy":"tags","embeddable":true,"href":"https:\/\/www.qualitel.org\/professionnels\/wp-json\/wp\/v2\/tags?post=64698"},{"taxonomy":"etiquettes","embeddable":true,"href":"https:\/\/www.qualitel.org\/professionnels\/wp-json\/wp\/v2\/tags?post=64698"},{"taxonomy":"article_type","embeddable":true,"href":"https:\/\/www.qualitel.org\/professionnels\/wp-json\/wp\/v2\/article_type?post=64698"}],"curies":[{"name":"wp","href":"https:\/\/api.w.org\/{rel}","templated":true}]}}