{"id":66859,"date":"2023-07-07T10:24:16","date_gmt":"2023-07-07T08:24:16","guid":{"rendered":"https:\/\/www.qualitel.org\/professionnels\/?p=66859"},"modified":"2023-07-07T14:31:10","modified_gmt":"2023-07-07T12:31:10","slug":"lentreprise-de-renovation-aveo-a-choisi-clea-pour-ses-clients","status":"publish","type":"post","link":"https:\/\/www.qualitel.org\/professionnels\/actualites\/entreprise-renovation-aveo-a-choisi-clea-pour-ses-clients\/","title":{"rendered":"L\u2019entreprise de r\u00e9novation Av\u00e9o a choisi CLEA pour ses clients"},"content":{"rendered":"","protected":false},"excerpt":{"rendered":"","protected":false},"author":24,"featured_media":66866,"comment_status":"closed","ping_status":"closed","sticky":false,"template":"","format":"standard","meta":{"_acf_changed":false,"footnotes":""},"tags":[418],"article_type":[368],"class_list":["post-66859","post","type-post","status-publish","format-standard","has-post-thumbnail","hentry","tags-developpement","tags-partenariat","etiquettes-reference","article_type-actualites"],"acf":[],"yoast_head":"<!-- This site is optimized with the Yoast SEO plugin v26.3 - https:\/\/yoast.com\/wordpress\/plugins\/seo\/ -->\n<title>L\u2019entreprise de r\u00e9novation Av\u00e9o a choisi CLEA pour ses clients - Qualitel | Professionnels<\/title>\n<meta name=\"description\" content=\"La soci\u00e9t\u00e9 sp\u00e9cialis\u00e9e dans les travaux de l\u2019habitat s\u2019engage \u00e0 proposer CLEA, le carnet d\u2019information du logement port\u00e9 par l\u2019Association QUALITEL, \u00e0 l\u2019ensemble de ses clients. Sylvain Rey, Directeur G\u00e9n\u00e9ral d\u2019Av\u00e9o, nous explique les raisons qui l\u2019ont pouss\u00e9 \u00e0 faire confiance \u00e0 CLEA et la fa\u00e7on dont sera d\u00e9ploy\u00e9e cette solution.\" \/>\n<meta name=\"robots\" content=\"index, follow, max-snippet:-1, max-image-preview:large, max-video-preview:-1\" \/>\n<link rel=\"canonical\" href=\"https:\/\/www.qualitel.org\/professionnels\/actualites\/entreprise-renovation-aveo-a-choisi-clea-pour-ses-clients\/\" \/>\n<meta property=\"og:locale\" content=\"fr_FR\" \/>\n<meta property=\"og:type\" content=\"article\" \/>\n<meta property=\"og:title\" content=\"L\u2019entreprise de r\u00e9novation Av\u00e9o a choisi CLEA pour ses clients - Qualitel | Professionnels\" \/>\n<meta property=\"og:description\" content=\"La soci\u00e9t\u00e9 sp\u00e9cialis\u00e9e dans les travaux de l\u2019habitat s\u2019engage \u00e0 proposer CLEA, le carnet d\u2019information du logement port\u00e9 par l\u2019Association QUALITEL, \u00e0 l\u2019ensemble de ses clients. Sylvain Rey, Directeur G\u00e9n\u00e9ral d\u2019Av\u00e9o, nous explique les raisons qui l\u2019ont pouss\u00e9 \u00e0 faire confiance \u00e0 CLEA et la fa\u00e7on dont sera d\u00e9ploy\u00e9e cette solution.\" \/>\n<meta property=\"og:url\" content=\"https:\/\/www.qualitel.org\/professionnels\/actualites\/entreprise-renovation-aveo-a-choisi-clea-pour-ses-clients\/\" \/>\n<meta property=\"og:site_name\" content=\"Qualitel | Professionnels\" \/>\n<meta property=\"article:publisher\" content=\"https:\/\/www.facebook.com\/groupequalitel\/\" \/>\n<meta property=\"article:published_time\" content=\"2023-07-07T08:24:16+00:00\" \/>\n<meta property=\"article:modified_time\" content=\"2023-07-07T12:31:10+00:00\" \/>\n<meta property=\"og:image\" content=\"https:\/\/www.qualitel.org\/professionnels\/wp\/..\/uploads\/Portrait-Sylvain-Rey.jpg\" \/>\n\t<meta property=\"og:image:width\" content=\"900\" \/>\n\t<meta property=\"og:image:height\" content=\"513\" \/>\n\t<meta property=\"og:image:type\" content=\"image\/jpeg\" \/>\n<meta name=\"author\" content=\"Julie CARNEZ\" \/>\n<meta name=\"twitter:card\" content=\"summary_large_image\" \/>\n<meta name=\"twitter:description\" content=\"La soci\u00e9t\u00e9 sp\u00e9cialis\u00e9e dans les travaux de l\u2019habitat s\u2019engage \u00e0 proposer CLEA, le carnet d\u2019information du logement port\u00e9 par l\u2019Association QUALITEL, \u00e0 l\u2019ensemble de ses clients. Sylvain Rey, Directeur G\u00e9n\u00e9ral d\u2019Av\u00e9o, nous explique les raisons qui l\u2019ont pouss\u00e9 \u00e0 faire confiance \u00e0 CLEA et la fa\u00e7on dont sera d\u00e9ploy\u00e9e cette solution.\n\" \/>\n<meta name=\"twitter:creator\" content=\"@groupeQUALITEL\" \/>\n<meta name=\"twitter:site\" content=\"@groupeQUALITEL\" \/>\n<meta name=\"twitter:label1\" content=\"Written by\" \/>\n\t<meta name=\"twitter:data1\" content=\"Julie CARNEZ\" \/>\n<script type=\"application\/ld+json\" class=\"yoast-schema-graph\">{\"@context\":\"https:\/\/schema.org\",\"@graph\":[{\"@type\":\"Article\",\"@id\":\"https:\/\/www.qualitel.org\/professionnels\/actualites\/entreprise-renovation-aveo-a-choisi-clea-pour-ses-clients\/#article\",\"isPartOf\":{\"@id\":\"https:\/\/www.qualitel.org\/professionnels\/actualites\/entreprise-renovation-aveo-a-choisi-clea-pour-ses-clients\/\"},\"author\":{\"name\":\"Julie CARNEZ\",\"@id\":\"https:\/\/www.qualitel.org\/professionnels\/#\/schema\/person\/8da1b40abc7d27162c267baae6ea6b6e\"},\"headline\":\"L\u2019entreprise de r\u00e9novation Av\u00e9o a choisi CLEA pour ses clients\",\"datePublished\":\"2023-07-07T08:24:16+00:00\",\"dateModified\":\"2023-07-07T12:31:10+00:00\",\"mainEntityOfPage\":{\"@id\":\"https:\/\/www.qualitel.org\/professionnels\/actualites\/entreprise-renovation-aveo-a-choisi-clea-pour-ses-clients\/\"},\"wordCount\":13,\"publisher\":{\"@id\":\"https:\/\/www.qualitel.org\/professionnels\/#organization\"},\"image\":{\"@id\":\"https:\/\/www.qualitel.org\/professionnels\/actualites\/entreprise-renovation-aveo-a-choisi-clea-pour-ses-clients\/#primaryimage\"},\"thumbnailUrl\":\"https:\/\/www.qualitel.org\/professionnels\/wp\/..\/uploads\/Portrait-Sylvain-Rey.jpg\",\"inLanguage\":\"fr-FR\"},{\"@type\":\"WebPage\",\"@id\":\"https:\/\/www.qualitel.org\/professionnels\/actualites\/entreprise-renovation-aveo-a-choisi-clea-pour-ses-clients\/\",\"url\":\"https:\/\/www.qualitel.org\/professionnels\/actualites\/entreprise-renovation-aveo-a-choisi-clea-pour-ses-clients\/\",\"name\":\"L\u2019entreprise de r\u00e9novation Av\u00e9o a choisi CLEA pour ses clients - Qualitel | Professionnels\",\"isPartOf\":{\"@id\":\"https:\/\/www.qualitel.org\/professionnels\/#website\"},\"primaryImageOfPage\":{\"@id\":\"https:\/\/www.qualitel.org\/professionnels\/actualites\/entreprise-renovation-aveo-a-choisi-clea-pour-ses-clients\/#primaryimage\"},\"image\":{\"@id\":\"https:\/\/www.qualitel.org\/professionnels\/actualites\/entreprise-renovation-aveo-a-choisi-clea-pour-ses-clients\/#primaryimage\"},\"thumbnailUrl\":\"https:\/\/www.qualitel.org\/professionnels\/wp\/..\/uploads\/Portrait-Sylvain-Rey.jpg\",\"datePublished\":\"2023-07-07T08:24:16+00:00\",\"dateModified\":\"2023-07-07T12:31:10+00:00\",\"description\":\"La soci\u00e9t\u00e9 sp\u00e9cialis\u00e9e dans les travaux de l\u2019habitat s\u2019engage \u00e0 proposer CLEA, le carnet d\u2019information du logement port\u00e9 par l\u2019Association QUALITEL, \u00e0 l\u2019ensemble de ses clients. Sylvain Rey, Directeur G\u00e9n\u00e9ral d\u2019Av\u00e9o, nous explique les raisons qui l\u2019ont pouss\u00e9 \u00e0 faire confiance \u00e0 CLEA et la fa\u00e7on dont sera d\u00e9ploy\u00e9e cette solution.\",\"breadcrumb\":{\"@id\":\"https:\/\/www.qualitel.org\/professionnels\/actualites\/entreprise-renovation-aveo-a-choisi-clea-pour-ses-clients\/#breadcrumb\"},\"inLanguage\":\"fr-FR\",\"potentialAction\":[{\"@type\":\"ReadAction\",\"target\":[\"https:\/\/www.qualitel.org\/professionnels\/actualites\/entreprise-renovation-aveo-a-choisi-clea-pour-ses-clients\/\"]}]},{\"@type\":\"ImageObject\",\"inLanguage\":\"fr-FR\",\"@id\":\"https:\/\/www.qualitel.org\/professionnels\/actualites\/entreprise-renovation-aveo-a-choisi-clea-pour-ses-clients\/#primaryimage\",\"url\":\"https:\/\/www.qualitel.org\/professionnels\/wp\/..\/uploads\/Portrait-Sylvain-Rey.jpg\",\"contentUrl\":\"https:\/\/www.qualitel.org\/professionnels\/wp\/..\/uploads\/Portrait-Sylvain-Rey.jpg\",\"width\":900,\"height\":513},{\"@type\":\"BreadcrumbList\",\"@id\":\"https:\/\/www.qualitel.org\/professionnels\/actualites\/entreprise-renovation-aveo-a-choisi-clea-pour-ses-clients\/#breadcrumb\",\"itemListElement\":[{\"@type\":\"ListItem\",\"position\":1,\"name\":\"Accueil\",\"item\":\"https:\/\/www.qualitel.org\/professionnels\/\"},{\"@type\":\"ListItem\",\"position\":2,\"name\":\"L\u2019entreprise de r\u00e9novation Av\u00e9o a choisi CLEA pour ses clients\"}]},{\"@type\":\"WebSite\",\"@id\":\"https:\/\/www.qualitel.org\/professionnels\/#website\",\"url\":\"https:\/\/www.qualitel.org\/professionnels\/\",\"name\":\"Qualitel | Professionnels\",\"description\":\"\",\"publisher\":{\"@id\":\"https:\/\/www.qualitel.org\/professionnels\/#organization\"},\"potentialAction\":[{\"@type\":\"SearchAction\",\"target\":{\"@type\":\"EntryPoint\",\"urlTemplate\":\"https:\/\/www.qualitel.org\/professionnels\/?s={search_term_string}\"},\"query-input\":{\"@type\":\"PropertyValueSpecification\",\"valueRequired\":true,\"valueName\":\"search_term_string\"}}],\"inLanguage\":\"fr-FR\"},{\"@type\":\"Organization\",\"@id\":\"https:\/\/www.qualitel.org\/professionnels\/#organization\",\"name\":\"Qualitel\",\"url\":\"https:\/\/www.qualitel.org\/professionnels\/\",\"logo\":{\"@type\":\"ImageObject\",\"inLanguage\":\"fr-FR\",\"@id\":\"https:\/\/www.qualitel.org\/professionnels\/#\/schema\/logo\/image\/\",\"url\":\"https:\/\/www.qualitel.org\/professionnels\/wp\/..\/uploads\/qualitel_social.jpg\",\"contentUrl\":\"https:\/\/www.qualitel.org\/professionnels\/wp\/..\/uploads\/qualitel_social.jpg\",\"width\":1080,\"height\":1080,\"caption\":\"Qualitel\"},\"image\":{\"@id\":\"https:\/\/www.qualitel.org\/professionnels\/#\/schema\/logo\/image\/\"},\"sameAs\":[\"https:\/\/www.facebook.com\/groupequalitel\/\",\"https:\/\/x.com\/groupeQUALITEL\",\"https:\/\/www.instagram.com\/associationqualitel\/\"]},{\"@type\":\"Person\",\"@id\":\"https:\/\/www.qualitel.org\/professionnels\/#\/schema\/person\/8da1b40abc7d27162c267baae6ea6b6e\",\"name\":\"Julie CARNEZ\",\"image\":{\"@type\":\"ImageObject\",\"inLanguage\":\"fr-FR\",\"@id\":\"https:\/\/www.qualitel.org\/professionnels\/#\/schema\/person\/image\/\",\"url\":\"https:\/\/secure.gravatar.com\/avatar\/41fcfdc51e7305fd5b17ead841bd2e1f6a982b0f5ccaf899636b8ccab25ca5b1?s=96&d=mm&r=g\",\"contentUrl\":\"https:\/\/secure.gravatar.com\/avatar\/41fcfdc51e7305fd5b17ead841bd2e1f6a982b0f5ccaf899636b8ccab25ca5b1?s=96&d=mm&r=g\",\"caption\":\"Julie CARNEZ\"}}]}<\/script>\n<!-- \/ Yoast SEO plugin. -->","yoast_head_json":{"title":"L\u2019entreprise de r\u00e9novation Av\u00e9o a choisi CLEA pour ses clients - Qualitel | Professionnels","description":"La soci\u00e9t\u00e9 sp\u00e9cialis\u00e9e dans les travaux de l\u2019habitat s\u2019engage \u00e0 proposer CLEA, le carnet d\u2019information du logement port\u00e9 par l\u2019Association QUALITEL, \u00e0 l\u2019ensemble de ses clients. Sylvain Rey, Directeur G\u00e9n\u00e9ral d\u2019Av\u00e9o, nous explique les raisons qui l\u2019ont pouss\u00e9 \u00e0 faire confiance \u00e0 CLEA et la fa\u00e7on dont sera d\u00e9ploy\u00e9e cette solution.","robots":{"index":"index","follow":"follow","max-snippet":"max-snippet:-1","max-image-preview":"max-image-preview:large","max-video-preview":"max-video-preview:-1"},"canonical":"https:\/\/www.qualitel.org\/professionnels\/actualites\/entreprise-renovation-aveo-a-choisi-clea-pour-ses-clients\/","og_locale":"fr_FR","og_type":"article","og_title":"L\u2019entreprise de r\u00e9novation Av\u00e9o a choisi CLEA pour ses clients - Qualitel | Professionnels","og_description":"La soci\u00e9t\u00e9 sp\u00e9cialis\u00e9e dans les travaux de l\u2019habitat s\u2019engage \u00e0 proposer CLEA, le carnet d\u2019information du logement port\u00e9 par l\u2019Association QUALITEL, \u00e0 l\u2019ensemble de ses clients. Sylvain Rey, Directeur G\u00e9n\u00e9ral d\u2019Av\u00e9o, nous explique les raisons qui l\u2019ont pouss\u00e9 \u00e0 faire confiance \u00e0 CLEA et la fa\u00e7on dont sera d\u00e9ploy\u00e9e cette solution.","og_url":"https:\/\/www.qualitel.org\/professionnels\/actualites\/entreprise-renovation-aveo-a-choisi-clea-pour-ses-clients\/","og_site_name":"Qualitel | Professionnels","article_publisher":"https:\/\/www.facebook.com\/groupequalitel\/","article_published_time":"2023-07-07T08:24:16+00:00","article_modified_time":"2023-07-07T12:31:10+00:00","og_image":[{"width":900,"height":513,"url":"https:\/\/www.qualitel.org\/professionnels\/wp\/..\/uploads\/Portrait-Sylvain-Rey.jpg","type":"image\/jpeg"}],"author":"Julie CARNEZ","twitter_card":"summary_large_image","twitter_description":"La soci\u00e9t\u00e9 sp\u00e9cialis\u00e9e dans les travaux de l\u2019habitat s\u2019engage \u00e0 proposer CLEA, le carnet d\u2019information du logement port\u00e9 par l\u2019Association QUALITEL, \u00e0 l\u2019ensemble de ses clients. Sylvain Rey, Directeur G\u00e9n\u00e9ral d\u2019Av\u00e9o, nous explique les raisons qui l\u2019ont pouss\u00e9 \u00e0 faire confiance \u00e0 CLEA et la fa\u00e7on dont sera d\u00e9ploy\u00e9e cette solution.\n","twitter_creator":"@groupeQUALITEL","twitter_site":"@groupeQUALITEL","twitter_misc":{"Written by":"Julie CARNEZ"},"schema":{"@context":"https:\/\/schema.org","@graph":[{"@type":"Article","@id":"https:\/\/www.qualitel.org\/professionnels\/actualites\/entreprise-renovation-aveo-a-choisi-clea-pour-ses-clients\/#article","isPartOf":{"@id":"https:\/\/www.qualitel.org\/professionnels\/actualites\/entreprise-renovation-aveo-a-choisi-clea-pour-ses-clients\/"},"author":{"name":"Julie CARNEZ","@id":"https:\/\/www.qualitel.org\/professionnels\/#\/schema\/person\/8da1b40abc7d27162c267baae6ea6b6e"},"headline":"L\u2019entreprise de r\u00e9novation Av\u00e9o a choisi CLEA pour ses clients","datePublished":"2023-07-07T08:24:16+00:00","dateModified":"2023-07-07T12:31:10+00:00","mainEntityOfPage":{"@id":"https:\/\/www.qualitel.org\/professionnels\/actualites\/entreprise-renovation-aveo-a-choisi-clea-pour-ses-clients\/"},"wordCount":13,"publisher":{"@id":"https:\/\/www.qualitel.org\/professionnels\/#organization"},"image":{"@id":"https:\/\/www.qualitel.org\/professionnels\/actualites\/entreprise-renovation-aveo-a-choisi-clea-pour-ses-clients\/#primaryimage"},"thumbnailUrl":"https:\/\/www.qualitel.org\/professionnels\/wp\/..\/uploads\/Portrait-Sylvain-Rey.jpg","inLanguage":"fr-FR"},{"@type":"WebPage","@id":"https:\/\/www.qualitel.org\/professionnels\/actualites\/entreprise-renovation-aveo-a-choisi-clea-pour-ses-clients\/","url":"https:\/\/www.qualitel.org\/professionnels\/actualites\/entreprise-renovation-aveo-a-choisi-clea-pour-ses-clients\/","name":"L\u2019entreprise de r\u00e9novation Av\u00e9o a choisi CLEA pour ses clients - Qualitel | Professionnels","isPartOf":{"@id":"https:\/\/www.qualitel.org\/professionnels\/#website"},"primaryImageOfPage":{"@id":"https:\/\/www.qualitel.org\/professionnels\/actualites\/entreprise-renovation-aveo-a-choisi-clea-pour-ses-clients\/#primaryimage"},"image":{"@id":"https:\/\/www.qualitel.org\/professionnels\/actualites\/entreprise-renovation-aveo-a-choisi-clea-pour-ses-clients\/#primaryimage"},"thumbnailUrl":"https:\/\/www.qualitel.org\/professionnels\/wp\/..\/uploads\/Portrait-Sylvain-Rey.jpg","datePublished":"2023-07-07T08:24:16+00:00","dateModified":"2023-07-07T12:31:10+00:00","description":"La soci\u00e9t\u00e9 sp\u00e9cialis\u00e9e dans les travaux de l\u2019habitat s\u2019engage \u00e0 proposer CLEA, le carnet d\u2019information du logement port\u00e9 par l\u2019Association QUALITEL, \u00e0 l\u2019ensemble de ses clients. Sylvain Rey, Directeur G\u00e9n\u00e9ral d\u2019Av\u00e9o, nous explique les raisons qui l\u2019ont pouss\u00e9 \u00e0 faire confiance \u00e0 CLEA et la fa\u00e7on dont sera d\u00e9ploy\u00e9e cette solution.","breadcrumb":{"@id":"https:\/\/www.qualitel.org\/professionnels\/actualites\/entreprise-renovation-aveo-a-choisi-clea-pour-ses-clients\/#breadcrumb"},"inLanguage":"fr-FR","potentialAction":[{"@type":"ReadAction","target":["https:\/\/www.qualitel.org\/professionnels\/actualites\/entreprise-renovation-aveo-a-choisi-clea-pour-ses-clients\/"]}]},{"@type":"ImageObject","inLanguage":"fr-FR","@id":"https:\/\/www.qualitel.org\/professionnels\/actualites\/entreprise-renovation-aveo-a-choisi-clea-pour-ses-clients\/#primaryimage","url":"https:\/\/www.qualitel.org\/professionnels\/wp\/..\/uploads\/Portrait-Sylvain-Rey.jpg","contentUrl":"https:\/\/www.qualitel.org\/professionnels\/wp\/..\/uploads\/Portrait-Sylvain-Rey.jpg","width":900,"height":513},{"@type":"BreadcrumbList","@id":"https:\/\/www.qualitel.org\/professionnels\/actualites\/entreprise-renovation-aveo-a-choisi-clea-pour-ses-clients\/#breadcrumb","itemListElement":[{"@type":"ListItem","position":1,"name":"Accueil","item":"https:\/\/www.qualitel.org\/professionnels\/"},{"@type":"ListItem","position":2,"name":"L\u2019entreprise de r\u00e9novation Av\u00e9o a choisi CLEA pour ses clients"}]},{"@type":"WebSite","@id":"https:\/\/www.qualitel.org\/professionnels\/#website","url":"https:\/\/www.qualitel.org\/professionnels\/","name":"Qualitel | Professionnels","description":"","publisher":{"@id":"https:\/\/www.qualitel.org\/professionnels\/#organization"},"potentialAction":[{"@type":"SearchAction","target":{"@type":"EntryPoint","urlTemplate":"https:\/\/www.qualitel.org\/professionnels\/?s={search_term_string}"},"query-input":{"@type":"PropertyValueSpecification","valueRequired":true,"valueName":"search_term_string"}}],"inLanguage":"fr-FR"},{"@type":"Organization","@id":"https:\/\/www.qualitel.org\/professionnels\/#organization","name":"Qualitel","url":"https:\/\/www.qualitel.org\/professionnels\/","logo":{"@type":"ImageObject","inLanguage":"fr-FR","@id":"https:\/\/www.qualitel.org\/professionnels\/#\/schema\/logo\/image\/","url":"https:\/\/www.qualitel.org\/professionnels\/wp\/..\/uploads\/qualitel_social.jpg","contentUrl":"https:\/\/www.qualitel.org\/professionnels\/wp\/..\/uploads\/qualitel_social.jpg","width":1080,"height":1080,"caption":"Qualitel"},"image":{"@id":"https:\/\/www.qualitel.org\/professionnels\/#\/schema\/logo\/image\/"},"sameAs":["https:\/\/www.facebook.com\/groupequalitel\/","https:\/\/x.com\/groupeQUALITEL","https:\/\/www.instagram.com\/associationqualitel\/"]},{"@type":"Person","@id":"https:\/\/www.qualitel.org\/professionnels\/#\/schema\/person\/8da1b40abc7d27162c267baae6ea6b6e","name":"Julie CARNEZ","image":{"@type":"ImageObject","inLanguage":"fr-FR","@id":"https:\/\/www.qualitel.org\/professionnels\/#\/schema\/person\/image\/","url":"https:\/\/secure.gravatar.com\/avatar\/41fcfdc51e7305fd5b17ead841bd2e1f6a982b0f5ccaf899636b8ccab25ca5b1?s=96&d=mm&r=g","contentUrl":"https:\/\/secure.gravatar.com\/avatar\/41fcfdc51e7305fd5b17ead841bd2e1f6a982b0f5ccaf899636b8ccab25ca5b1?s=96&d=mm&r=g","caption":"Julie CARNEZ"}}]}},"_links":{"self":[{"href":"https:\/\/www.qualitel.org\/professionnels\/wp-json\/wp\/v2\/posts\/66859","targetHints":{"allow":["GET"]}}],"collection":[{"href":"https:\/\/www.qualitel.org\/professionnels\/wp-json\/wp\/v2\/posts"}],"about":[{"href":"https:\/\/www.qualitel.org\/professionnels\/wp-json\/wp\/v2\/types\/post"}],"author":[{"embeddable":true,"href":"https:\/\/www.qualitel.org\/professionnels\/wp-json\/wp\/v2\/users\/24"}],"replies":[{"embeddable":true,"href":"https:\/\/www.qualitel.org\/professionnels\/wp-json\/wp\/v2\/comments?post=66859"}],"version-history":[{"count":10,"href":"https:\/\/www.qualitel.org\/professionnels\/wp-json\/wp\/v2\/posts\/66859\/revisions"}],"predecessor-version":[{"id":66932,"href":"https:\/\/www.qualitel.org\/professionnels\/wp-json\/wp\/v2\/posts\/66859\/revisions\/66932"}],"wp:featuredmedia":[{"embeddable":true,"href":"https:\/\/www.qualitel.org\/professionnels\/wp-json\/wp\/v2\/media\/66866"}],"wp:attachment":[{"href":"https:\/\/www.qualitel.org\/professionnels\/wp-json\/wp\/v2\/media?parent=66859"}],"wp:term":[{"taxonomy":"tags","embeddable":true,"href":"https:\/\/www.qualitel.org\/professionnels\/wp-json\/wp\/v2\/tags?post=66859"},{"taxonomy":"etiquettes","embeddable":true,"href":"https:\/\/www.qualitel.org\/professionnels\/wp-json\/wp\/v2\/tags?post=66859"},{"taxonomy":"article_type","embeddable":true,"href":"https:\/\/www.qualitel.org\/professionnels\/wp-json\/wp\/v2\/article_type?post=66859"}],"curies":[{"name":"wp","href":"https:\/\/api.w.org\/{rel}","templated":true}]}}