{"id":66946,"date":"2023-07-10T16:43:47","date_gmt":"2023-07-10T14:43:47","guid":{"rendered":"https:\/\/www.qualitel.org\/professionnels\/?p=66946"},"modified":"2025-12-23T09:28:09","modified_gmt":"2025-12-23T08:28:09","slug":"complement-dexoneration-de-tfpb-le-dispositif-evolue","status":"publish","type":"post","link":"https:\/\/www.qualitel.org\/professionnels\/actualites\/complement-exoneration-tfpb-dispositif-evolue\/","title":{"rendered":"Compl\u00e9ment d\u2019exon\u00e9ration de TFPB : le dispositif \u00e9volue !"},"content":{"rendered":"","protected":false},"excerpt":{"rendered":"","protected":false},"author":24,"featured_media":66952,"comment_status":"closed","ping_status":"closed","sticky":false,"template":"","format":"standard","meta":{"_acf_changed":false,"footnotes":""},"tags":[416],"article_type":[368],"class_list":["post-66946","post","type-post","status-publish","format-standard","has-post-thumbnail","hentry","tags-certification","tags-developpement","etiquettes-publication","article_type-actualites"],"acf":[],"yoast_head":"<!-- This site is optimized with the Yoast SEO plugin v26.3 - https:\/\/yoast.com\/wordpress\/plugins\/seo\/ -->\n<title>Compl\u00e9ment d\u2019exon\u00e9ration de TFPB : le dispositif \u00e9volue ! - Qualitel | Professionnels<\/title>\n<meta name=\"description\" content=\"Avec la loi de finances 2023 et la publication du d\u00e9cret n\u00b02023-560 du 3 juillet 2023, le compl\u00e9ment d\u2019exon\u00e9ration sur la taxe fonci\u00e8re sur les propri\u00e9t\u00e9s b\u00e2ties (TFPB) - Article 1384 A du CGI, \u00e9volue, avec les indicateurs de la RE 2020. Ce dispositif, qui ne concernait jusque-l\u00e0 que la certification NF Habitat HQE, est d\u00e9sormais ouvert au niveau NF Habitat avec les indicateurs Ic_construction et Ic_\u00e9nergie.\" \/>\n<meta name=\"robots\" content=\"index, follow, max-snippet:-1, max-image-preview:large, max-video-preview:-1\" \/>\n<link rel=\"canonical\" href=\"https:\/\/www.qualitel.org\/professionnels\/actualites\/complement-exoneration-tfpb-dispositif-evolue\/\" \/>\n<meta property=\"og:locale\" content=\"fr_FR\" \/>\n<meta property=\"og:type\" content=\"article\" \/>\n<meta property=\"og:title\" content=\"Compl\u00e9ment d\u2019exon\u00e9ration de TFPB : le dispositif \u00e9volue ! - Qualitel | Professionnels\" \/>\n<meta property=\"og:description\" content=\"Avec la loi de finances 2023 et la publication du d\u00e9cret n\u00b02023-560 du 3 juillet 2023, le compl\u00e9ment d\u2019exon\u00e9ration sur la taxe fonci\u00e8re sur les propri\u00e9t\u00e9s b\u00e2ties (TFPB) &#8211; Article 1384 A du CGI, \u00e9volue, avec les indicateurs de la RE 2020. Ce dispositif, qui ne concernait jusque-l\u00e0 que la certification NF Habitat HQE, est d\u00e9sormais ouvert au niveau NF Habitat avec les indicateurs Ic_construction et Ic_\u00e9nergie.\" \/>\n<meta property=\"og:url\" content=\"https:\/\/www.qualitel.org\/professionnels\/actualites\/complement-exoneration-tfpb-dispositif-evolue\/\" \/>\n<meta property=\"og:site_name\" content=\"Qualitel | Professionnels\" \/>\n<meta property=\"article:publisher\" content=\"https:\/\/www.facebook.com\/groupequalitel\/\" \/>\n<meta property=\"article:published_time\" content=\"2023-07-10T14:43:47+00:00\" \/>\n<meta property=\"article:modified_time\" content=\"2025-12-23T08:28:09+00:00\" \/>\n<meta property=\"og:image\" content=\"https:\/\/www.qualitel.org\/professionnels\/wp\/..\/uploads\/taxe-TFPB.jpg\" \/>\n\t<meta property=\"og:image:width\" content=\"900\" \/>\n\t<meta property=\"og:image:height\" content=\"513\" \/>\n\t<meta property=\"og:image:type\" content=\"image\/jpeg\" \/>\n<meta name=\"author\" content=\"Julie CARNEZ\" \/>\n<meta name=\"twitter:card\" content=\"summary_large_image\" \/>\n<meta name=\"twitter:description\" content=\"Avec la loi de finances 2023 et la publication du d\u00e9cret n\u00b02023-560 du 3 juillet 2023, le compl\u00e9ment d\u2019exon\u00e9ration sur la taxe fonci\u00e8re sur les propri\u00e9t\u00e9s b\u00e2ties (TFPB) &#8211; Article 1384 A du CGI, \u00e9volue, avec les indicateurs de la RE 2020. Ce dispositif, qui ne concernait jusque-l\u00e0 que la certification NF Habitat HQE, est d\u00e9sormais ouvert au niveau NF Habitat avec les indicateurs Ic_construction et Ic_\u00e9nergie.\n\" \/>\n<meta name=\"twitter:creator\" content=\"@groupeQUALITEL\" \/>\n<meta name=\"twitter:site\" content=\"@groupeQUALITEL\" \/>\n<meta name=\"twitter:label1\" content=\"Written by\" \/>\n\t<meta name=\"twitter:data1\" content=\"Julie CARNEZ\" \/>\n\t<meta name=\"twitter:label2\" content=\"Est. reading time\" \/>\n\t<meta name=\"twitter:data2\" content=\"2 minutes\" \/>\n<script type=\"application\/ld+json\" class=\"yoast-schema-graph\">{\"@context\":\"https:\/\/schema.org\",\"@graph\":[{\"@type\":\"Article\",\"@id\":\"https:\/\/www.qualitel.org\/professionnels\/actualites\/complement-exoneration-tfpb-dispositif-evolue\/#article\",\"isPartOf\":{\"@id\":\"https:\/\/www.qualitel.org\/professionnels\/actualites\/complement-exoneration-tfpb-dispositif-evolue\/\"},\"author\":{\"name\":\"Julie CARNEZ\",\"@id\":\"https:\/\/www.qualitel.org\/professionnels\/#\/schema\/person\/8da1b40abc7d27162c267baae6ea6b6e\"},\"headline\":\"Compl\u00e9ment d\u2019exon\u00e9ration de TFPB : le dispositif \u00e9volue !\",\"datePublished\":\"2023-07-10T14:43:47+00:00\",\"dateModified\":\"2025-12-23T08:28:09+00:00\",\"mainEntityOfPage\":{\"@id\":\"https:\/\/www.qualitel.org\/professionnels\/actualites\/complement-exoneration-tfpb-dispositif-evolue\/\"},\"wordCount\":10,\"publisher\":{\"@id\":\"https:\/\/www.qualitel.org\/professionnels\/#organization\"},\"image\":{\"@id\":\"https:\/\/www.qualitel.org\/professionnels\/actualites\/complement-exoneration-tfpb-dispositif-evolue\/#primaryimage\"},\"thumbnailUrl\":\"https:\/\/www.qualitel.org\/professionnels\/wp\/..\/uploads\/taxe-TFPB.jpg\",\"inLanguage\":\"fr-FR\"},{\"@type\":\"WebPage\",\"@id\":\"https:\/\/www.qualitel.org\/professionnels\/actualites\/complement-exoneration-tfpb-dispositif-evolue\/\",\"url\":\"https:\/\/www.qualitel.org\/professionnels\/actualites\/complement-exoneration-tfpb-dispositif-evolue\/\",\"name\":\"Compl\u00e9ment d\u2019exon\u00e9ration de TFPB : le dispositif \u00e9volue ! - Qualitel | Professionnels\",\"isPartOf\":{\"@id\":\"https:\/\/www.qualitel.org\/professionnels\/#website\"},\"primaryImageOfPage\":{\"@id\":\"https:\/\/www.qualitel.org\/professionnels\/actualites\/complement-exoneration-tfpb-dispositif-evolue\/#primaryimage\"},\"image\":{\"@id\":\"https:\/\/www.qualitel.org\/professionnels\/actualites\/complement-exoneration-tfpb-dispositif-evolue\/#primaryimage\"},\"thumbnailUrl\":\"https:\/\/www.qualitel.org\/professionnels\/wp\/..\/uploads\/taxe-TFPB.jpg\",\"datePublished\":\"2023-07-10T14:43:47+00:00\",\"dateModified\":\"2025-12-23T08:28:09+00:00\",\"description\":\"Avec la loi de finances 2023 et la publication du d\u00e9cret n\u00b02023-560 du 3 juillet 2023, le compl\u00e9ment d\u2019exon\u00e9ration sur la taxe fonci\u00e8re sur les propri\u00e9t\u00e9s b\u00e2ties (TFPB) - Article 1384 A du CGI, \u00e9volue, avec les indicateurs de la RE 2020. Ce dispositif, qui ne concernait jusque-l\u00e0 que la certification NF Habitat HQE, est d\u00e9sormais ouvert au niveau NF Habitat avec les indicateurs Ic_construction et Ic_\u00e9nergie.\",\"breadcrumb\":{\"@id\":\"https:\/\/www.qualitel.org\/professionnels\/actualites\/complement-exoneration-tfpb-dispositif-evolue\/#breadcrumb\"},\"inLanguage\":\"fr-FR\",\"potentialAction\":[{\"@type\":\"ReadAction\",\"target\":[\"https:\/\/www.qualitel.org\/professionnels\/actualites\/complement-exoneration-tfpb-dispositif-evolue\/\"]}]},{\"@type\":\"ImageObject\",\"inLanguage\":\"fr-FR\",\"@id\":\"https:\/\/www.qualitel.org\/professionnels\/actualites\/complement-exoneration-tfpb-dispositif-evolue\/#primaryimage\",\"url\":\"https:\/\/www.qualitel.org\/professionnels\/wp\/..\/uploads\/taxe-TFPB.jpg\",\"contentUrl\":\"https:\/\/www.qualitel.org\/professionnels\/wp\/..\/uploads\/taxe-TFPB.jpg\",\"width\":900,\"height\":513},{\"@type\":\"BreadcrumbList\",\"@id\":\"https:\/\/www.qualitel.org\/professionnels\/actualites\/complement-exoneration-tfpb-dispositif-evolue\/#breadcrumb\",\"itemListElement\":[{\"@type\":\"ListItem\",\"position\":1,\"name\":\"Accueil\",\"item\":\"https:\/\/www.qualitel.org\/professionnels\/\"},{\"@type\":\"ListItem\",\"position\":2,\"name\":\"Compl\u00e9ment d\u2019exon\u00e9ration de TFPB : le dispositif \u00e9volue !\"}]},{\"@type\":\"WebSite\",\"@id\":\"https:\/\/www.qualitel.org\/professionnels\/#website\",\"url\":\"https:\/\/www.qualitel.org\/professionnels\/\",\"name\":\"Qualitel | Professionnels\",\"description\":\"\",\"publisher\":{\"@id\":\"https:\/\/www.qualitel.org\/professionnels\/#organization\"},\"potentialAction\":[{\"@type\":\"SearchAction\",\"target\":{\"@type\":\"EntryPoint\",\"urlTemplate\":\"https:\/\/www.qualitel.org\/professionnels\/?s={search_term_string}\"},\"query-input\":{\"@type\":\"PropertyValueSpecification\",\"valueRequired\":true,\"valueName\":\"search_term_string\"}}],\"inLanguage\":\"fr-FR\"},{\"@type\":\"Organization\",\"@id\":\"https:\/\/www.qualitel.org\/professionnels\/#organization\",\"name\":\"Qualitel\",\"url\":\"https:\/\/www.qualitel.org\/professionnels\/\",\"logo\":{\"@type\":\"ImageObject\",\"inLanguage\":\"fr-FR\",\"@id\":\"https:\/\/www.qualitel.org\/professionnels\/#\/schema\/logo\/image\/\",\"url\":\"https:\/\/www.qualitel.org\/professionnels\/wp\/..\/uploads\/qualitel_social.jpg\",\"contentUrl\":\"https:\/\/www.qualitel.org\/professionnels\/wp\/..\/uploads\/qualitel_social.jpg\",\"width\":1080,\"height\":1080,\"caption\":\"Qualitel\"},\"image\":{\"@id\":\"https:\/\/www.qualitel.org\/professionnels\/#\/schema\/logo\/image\/\"},\"sameAs\":[\"https:\/\/www.facebook.com\/groupequalitel\/\",\"https:\/\/x.com\/groupeQUALITEL\",\"https:\/\/www.instagram.com\/associationqualitel\/\"]},{\"@type\":\"Person\",\"@id\":\"https:\/\/www.qualitel.org\/professionnels\/#\/schema\/person\/8da1b40abc7d27162c267baae6ea6b6e\",\"name\":\"Julie CARNEZ\",\"image\":{\"@type\":\"ImageObject\",\"inLanguage\":\"fr-FR\",\"@id\":\"https:\/\/www.qualitel.org\/professionnels\/#\/schema\/person\/image\/\",\"url\":\"https:\/\/secure.gravatar.com\/avatar\/41fcfdc51e7305fd5b17ead841bd2e1f6a982b0f5ccaf899636b8ccab25ca5b1?s=96&d=mm&r=g\",\"contentUrl\":\"https:\/\/secure.gravatar.com\/avatar\/41fcfdc51e7305fd5b17ead841bd2e1f6a982b0f5ccaf899636b8ccab25ca5b1?s=96&d=mm&r=g\",\"caption\":\"Julie CARNEZ\"}}]}<\/script>\n<!-- \/ Yoast SEO plugin. -->","yoast_head_json":{"title":"Compl\u00e9ment d\u2019exon\u00e9ration de TFPB : le dispositif \u00e9volue ! - Qualitel | Professionnels","description":"Avec la loi de finances 2023 et la publication du d\u00e9cret n\u00b02023-560 du 3 juillet 2023, le compl\u00e9ment d\u2019exon\u00e9ration sur la taxe fonci\u00e8re sur les propri\u00e9t\u00e9s b\u00e2ties (TFPB) - Article 1384 A du CGI, \u00e9volue, avec les indicateurs de la RE 2020. Ce dispositif, qui ne concernait jusque-l\u00e0 que la certification NF Habitat HQE, est d\u00e9sormais ouvert au niveau NF Habitat avec les indicateurs Ic_construction et Ic_\u00e9nergie.","robots":{"index":"index","follow":"follow","max-snippet":"max-snippet:-1","max-image-preview":"max-image-preview:large","max-video-preview":"max-video-preview:-1"},"canonical":"https:\/\/www.qualitel.org\/professionnels\/actualites\/complement-exoneration-tfpb-dispositif-evolue\/","og_locale":"fr_FR","og_type":"article","og_title":"Compl\u00e9ment d\u2019exon\u00e9ration de TFPB : le dispositif \u00e9volue ! - Qualitel | Professionnels","og_description":"Avec la loi de finances 2023 et la publication du d\u00e9cret n\u00b02023-560 du 3 juillet 2023, le compl\u00e9ment d\u2019exon\u00e9ration sur la taxe fonci\u00e8re sur les propri\u00e9t\u00e9s b\u00e2ties (TFPB) &#8211; Article 1384 A du CGI, \u00e9volue, avec les indicateurs de la RE 2020. Ce dispositif, qui ne concernait jusque-l\u00e0 que la certification NF Habitat HQE, est d\u00e9sormais ouvert au niveau NF Habitat avec les indicateurs Ic_construction et Ic_\u00e9nergie.","og_url":"https:\/\/www.qualitel.org\/professionnels\/actualites\/complement-exoneration-tfpb-dispositif-evolue\/","og_site_name":"Qualitel | Professionnels","article_publisher":"https:\/\/www.facebook.com\/groupequalitel\/","article_published_time":"2023-07-10T14:43:47+00:00","article_modified_time":"2025-12-23T08:28:09+00:00","og_image":[{"width":900,"height":513,"url":"https:\/\/www.qualitel.org\/professionnels\/wp\/..\/uploads\/taxe-TFPB.jpg","type":"image\/jpeg"}],"author":"Julie CARNEZ","twitter_card":"summary_large_image","twitter_description":"Avec la loi de finances 2023 et la publication du d\u00e9cret n\u00b02023-560 du 3 juillet 2023, le compl\u00e9ment d\u2019exon\u00e9ration sur la taxe fonci\u00e8re sur les propri\u00e9t\u00e9s b\u00e2ties (TFPB) &#8211; Article 1384 A du CGI, \u00e9volue, avec les indicateurs de la RE 2020. Ce dispositif, qui ne concernait jusque-l\u00e0 que la certification NF Habitat HQE, est d\u00e9sormais ouvert au niveau NF Habitat avec les indicateurs Ic_construction et Ic_\u00e9nergie.\n","twitter_creator":"@groupeQUALITEL","twitter_site":"@groupeQUALITEL","twitter_misc":{"Written by":"Julie CARNEZ","Est. reading time":"2 minutes"},"schema":{"@context":"https:\/\/schema.org","@graph":[{"@type":"Article","@id":"https:\/\/www.qualitel.org\/professionnels\/actualites\/complement-exoneration-tfpb-dispositif-evolue\/#article","isPartOf":{"@id":"https:\/\/www.qualitel.org\/professionnels\/actualites\/complement-exoneration-tfpb-dispositif-evolue\/"},"author":{"name":"Julie CARNEZ","@id":"https:\/\/www.qualitel.org\/professionnels\/#\/schema\/person\/8da1b40abc7d27162c267baae6ea6b6e"},"headline":"Compl\u00e9ment d\u2019exon\u00e9ration de TFPB : le dispositif \u00e9volue !","datePublished":"2023-07-10T14:43:47+00:00","dateModified":"2025-12-23T08:28:09+00:00","mainEntityOfPage":{"@id":"https:\/\/www.qualitel.org\/professionnels\/actualites\/complement-exoneration-tfpb-dispositif-evolue\/"},"wordCount":10,"publisher":{"@id":"https:\/\/www.qualitel.org\/professionnels\/#organization"},"image":{"@id":"https:\/\/www.qualitel.org\/professionnels\/actualites\/complement-exoneration-tfpb-dispositif-evolue\/#primaryimage"},"thumbnailUrl":"https:\/\/www.qualitel.org\/professionnels\/wp\/..\/uploads\/taxe-TFPB.jpg","inLanguage":"fr-FR"},{"@type":"WebPage","@id":"https:\/\/www.qualitel.org\/professionnels\/actualites\/complement-exoneration-tfpb-dispositif-evolue\/","url":"https:\/\/www.qualitel.org\/professionnels\/actualites\/complement-exoneration-tfpb-dispositif-evolue\/","name":"Compl\u00e9ment d\u2019exon\u00e9ration de TFPB : le dispositif \u00e9volue ! - Qualitel | Professionnels","isPartOf":{"@id":"https:\/\/www.qualitel.org\/professionnels\/#website"},"primaryImageOfPage":{"@id":"https:\/\/www.qualitel.org\/professionnels\/actualites\/complement-exoneration-tfpb-dispositif-evolue\/#primaryimage"},"image":{"@id":"https:\/\/www.qualitel.org\/professionnels\/actualites\/complement-exoneration-tfpb-dispositif-evolue\/#primaryimage"},"thumbnailUrl":"https:\/\/www.qualitel.org\/professionnels\/wp\/..\/uploads\/taxe-TFPB.jpg","datePublished":"2023-07-10T14:43:47+00:00","dateModified":"2025-12-23T08:28:09+00:00","description":"Avec la loi de finances 2023 et la publication du d\u00e9cret n\u00b02023-560 du 3 juillet 2023, le compl\u00e9ment d\u2019exon\u00e9ration sur la taxe fonci\u00e8re sur les propri\u00e9t\u00e9s b\u00e2ties (TFPB) - Article 1384 A du CGI, \u00e9volue, avec les indicateurs de la RE 2020. Ce dispositif, qui ne concernait jusque-l\u00e0 que la certification NF Habitat HQE, est d\u00e9sormais ouvert au niveau NF Habitat avec les indicateurs Ic_construction et Ic_\u00e9nergie.","breadcrumb":{"@id":"https:\/\/www.qualitel.org\/professionnels\/actualites\/complement-exoneration-tfpb-dispositif-evolue\/#breadcrumb"},"inLanguage":"fr-FR","potentialAction":[{"@type":"ReadAction","target":["https:\/\/www.qualitel.org\/professionnels\/actualites\/complement-exoneration-tfpb-dispositif-evolue\/"]}]},{"@type":"ImageObject","inLanguage":"fr-FR","@id":"https:\/\/www.qualitel.org\/professionnels\/actualites\/complement-exoneration-tfpb-dispositif-evolue\/#primaryimage","url":"https:\/\/www.qualitel.org\/professionnels\/wp\/..\/uploads\/taxe-TFPB.jpg","contentUrl":"https:\/\/www.qualitel.org\/professionnels\/wp\/..\/uploads\/taxe-TFPB.jpg","width":900,"height":513},{"@type":"BreadcrumbList","@id":"https:\/\/www.qualitel.org\/professionnels\/actualites\/complement-exoneration-tfpb-dispositif-evolue\/#breadcrumb","itemListElement":[{"@type":"ListItem","position":1,"name":"Accueil","item":"https:\/\/www.qualitel.org\/professionnels\/"},{"@type":"ListItem","position":2,"name":"Compl\u00e9ment d\u2019exon\u00e9ration de TFPB : le dispositif \u00e9volue !"}]},{"@type":"WebSite","@id":"https:\/\/www.qualitel.org\/professionnels\/#website","url":"https:\/\/www.qualitel.org\/professionnels\/","name":"Qualitel | Professionnels","description":"","publisher":{"@id":"https:\/\/www.qualitel.org\/professionnels\/#organization"},"potentialAction":[{"@type":"SearchAction","target":{"@type":"EntryPoint","urlTemplate":"https:\/\/www.qualitel.org\/professionnels\/?s={search_term_string}"},"query-input":{"@type":"PropertyValueSpecification","valueRequired":true,"valueName":"search_term_string"}}],"inLanguage":"fr-FR"},{"@type":"Organization","@id":"https:\/\/www.qualitel.org\/professionnels\/#organization","name":"Qualitel","url":"https:\/\/www.qualitel.org\/professionnels\/","logo":{"@type":"ImageObject","inLanguage":"fr-FR","@id":"https:\/\/www.qualitel.org\/professionnels\/#\/schema\/logo\/image\/","url":"https:\/\/www.qualitel.org\/professionnels\/wp\/..\/uploads\/qualitel_social.jpg","contentUrl":"https:\/\/www.qualitel.org\/professionnels\/wp\/..\/uploads\/qualitel_social.jpg","width":1080,"height":1080,"caption":"Qualitel"},"image":{"@id":"https:\/\/www.qualitel.org\/professionnels\/#\/schema\/logo\/image\/"},"sameAs":["https:\/\/www.facebook.com\/groupequalitel\/","https:\/\/x.com\/groupeQUALITEL","https:\/\/www.instagram.com\/associationqualitel\/"]},{"@type":"Person","@id":"https:\/\/www.qualitel.org\/professionnels\/#\/schema\/person\/8da1b40abc7d27162c267baae6ea6b6e","name":"Julie CARNEZ","image":{"@type":"ImageObject","inLanguage":"fr-FR","@id":"https:\/\/www.qualitel.org\/professionnels\/#\/schema\/person\/image\/","url":"https:\/\/secure.gravatar.com\/avatar\/41fcfdc51e7305fd5b17ead841bd2e1f6a982b0f5ccaf899636b8ccab25ca5b1?s=96&d=mm&r=g","contentUrl":"https:\/\/secure.gravatar.com\/avatar\/41fcfdc51e7305fd5b17ead841bd2e1f6a982b0f5ccaf899636b8ccab25ca5b1?s=96&d=mm&r=g","caption":"Julie CARNEZ"}}]}},"_links":{"self":[{"href":"https:\/\/www.qualitel.org\/professionnels\/wp-json\/wp\/v2\/posts\/66946","targetHints":{"allow":["GET"]}}],"collection":[{"href":"https:\/\/www.qualitel.org\/professionnels\/wp-json\/wp\/v2\/posts"}],"about":[{"href":"https:\/\/www.qualitel.org\/professionnels\/wp-json\/wp\/v2\/types\/post"}],"author":[{"embeddable":true,"href":"https:\/\/www.qualitel.org\/professionnels\/wp-json\/wp\/v2\/users\/24"}],"replies":[{"embeddable":true,"href":"https:\/\/www.qualitel.org\/professionnels\/wp-json\/wp\/v2\/comments?post=66946"}],"version-history":[{"count":22,"href":"https:\/\/www.qualitel.org\/professionnels\/wp-json\/wp\/v2\/posts\/66946\/revisions"}],"predecessor-version":[{"id":124081,"href":"https:\/\/www.qualitel.org\/professionnels\/wp-json\/wp\/v2\/posts\/66946\/revisions\/124081"}],"wp:featuredmedia":[{"embeddable":true,"href":"https:\/\/www.qualitel.org\/professionnels\/wp-json\/wp\/v2\/media\/66952"}],"wp:attachment":[{"href":"https:\/\/www.qualitel.org\/professionnels\/wp-json\/wp\/v2\/media?parent=66946"}],"wp:term":[{"taxonomy":"tags","embeddable":true,"href":"https:\/\/www.qualitel.org\/professionnels\/wp-json\/wp\/v2\/tags?post=66946"},{"taxonomy":"etiquettes","embeddable":true,"href":"https:\/\/www.qualitel.org\/professionnels\/wp-json\/wp\/v2\/tags?post=66946"},{"taxonomy":"article_type","embeddable":true,"href":"https:\/\/www.qualitel.org\/professionnels\/wp-json\/wp\/v2\/article_type?post=66946"}],"curies":[{"name":"wp","href":"https:\/\/api.w.org\/{rel}","templated":true}]}}