{"id":69285,"date":"2023-10-13T12:01:36","date_gmt":"2023-10-13T10:01:36","guid":{"rendered":"https:\/\/www.qualitel.org\/professionnels\/?p=69285"},"modified":"2023-10-13T12:01:37","modified_gmt":"2023-10-13T10:01:37","slug":"caluire-et-cuire-signe-une-convention-de-partenariat-territorialisee-avec-cerqual","status":"publish","type":"post","link":"https:\/\/www.qualitel.org\/professionnels\/actualites\/caluire-et-cuire-signe-convention-partenariat-territorialisee-avec-cerqual\/","title":{"rendered":"Caluire-et-Cuire signe une Convention de partenariat territorialis\u00e9e avec CERQUAL"},"content":{"rendered":"","protected":false},"excerpt":{"rendered":"","protected":false},"author":24,"featured_media":69286,"comment_status":"closed","ping_status":"closed","sticky":false,"template":"","format":"standard","meta":{"_acf_changed":false,"footnotes":""},"tags":[420],"article_type":[368],"class_list":["post-69285","post","type-post","status-publish","format-standard","has-post-thumbnail","hentry","tags-certification","tags-developpement","etiquettes-signature","article_type-actualites"],"acf":[],"yoast_head":"<!-- This site is optimized with the Yoast SEO plugin v26.3 - https:\/\/yoast.com\/wordpress\/plugins\/seo\/ -->\n<title>Caluire-et-Cuire signe une Convention de partenariat territorialis\u00e9e avec CERQUAL - Qualitel | Professionnels<\/title>\n<meta name=\"description\" content=\"La commune, situ\u00e9e dans la m\u00e9tropole du Grand Lyon, a sign\u00e9 une convention de partenariat territorialis\u00e9e avec CERQUAL. Avec ce partenariat, la ville de Caluire-et-Cuire s\u2019engage \u00e0 ce que les logements atteignent la certification NF Habitat HQE profil biodiversit\u00e9, en lien avec la Charte architecturale, urbaine et paysag\u00e8re et la Charte environnementale pour la biodiversit\u00e9 de la commune.\" \/>\n<meta name=\"robots\" content=\"index, follow, max-snippet:-1, max-image-preview:large, max-video-preview:-1\" \/>\n<link rel=\"canonical\" href=\"https:\/\/www.qualitel.org\/professionnels\/actualites\/caluire-et-cuire-signe-convention-partenariat-territorialisee-avec-cerqual\/\" \/>\n<meta property=\"og:locale\" content=\"fr_FR\" \/>\n<meta property=\"og:type\" content=\"article\" \/>\n<meta property=\"og:title\" content=\"Caluire-et-Cuire signe une Convention de partenariat territorialis\u00e9e avec CERQUAL - Qualitel | Professionnels\" \/>\n<meta property=\"og:description\" content=\"La commune, situ\u00e9e dans la m\u00e9tropole du Grand Lyon, a sign\u00e9 une convention de partenariat territorialis\u00e9e avec CERQUAL. Avec ce partenariat, la ville de Caluire-et-Cuire s\u2019engage \u00e0 ce que les logements atteignent la certification NF Habitat HQE profil biodiversit\u00e9, en lien avec la Charte architecturale, urbaine et paysag\u00e8re et la Charte environnementale pour la biodiversit\u00e9 de la commune.\" \/>\n<meta property=\"og:url\" content=\"https:\/\/www.qualitel.org\/professionnels\/actualites\/caluire-et-cuire-signe-convention-partenariat-territorialisee-avec-cerqual\/\" \/>\n<meta property=\"og:site_name\" content=\"Qualitel | Professionnels\" \/>\n<meta property=\"article:publisher\" content=\"https:\/\/www.facebook.com\/groupequalitel\/\" \/>\n<meta property=\"article:published_time\" content=\"2023-10-13T10:01:36+00:00\" \/>\n<meta property=\"article:modified_time\" content=\"2023-10-13T10:01:37+00:00\" \/>\n<meta property=\"og:image\" content=\"https:\/\/www.qualitel.org\/professionnels\/wp\/..\/uploads\/CP-Caluire-et-Cuire.jpg\" \/>\n\t<meta property=\"og:image:width\" content=\"900\" \/>\n\t<meta property=\"og:image:height\" content=\"513\" \/>\n\t<meta property=\"og:image:type\" content=\"image\/jpeg\" \/>\n<meta name=\"author\" content=\"Julie CARNEZ\" \/>\n<meta name=\"twitter:card\" content=\"summary_large_image\" \/>\n<meta name=\"twitter:description\" content=\"La commune, situ\u00e9e dans la m\u00e9tropole du Grand Lyon, a sign\u00e9 une convention de partenariat territorialis\u00e9e avec CERQUAL. Avec ce partenariat, la ville de Caluire-et-Cuire s\u2019engage \u00e0 ce que les logements atteignent la certification NF Habitat HQE profil biodiversit\u00e9, en lien avec la Charte architecturale, urbaine et paysag\u00e8re et la Charte environnementale pour la biodiversit\u00e9 de la commune.\n\" \/>\n<meta name=\"twitter:creator\" content=\"@groupeQUALITEL\" \/>\n<meta name=\"twitter:site\" content=\"@groupeQUALITEL\" \/>\n<meta name=\"twitter:label1\" content=\"Written by\" \/>\n\t<meta name=\"twitter:data1\" content=\"Julie CARNEZ\" \/>\n<script type=\"application\/ld+json\" class=\"yoast-schema-graph\">{\"@context\":\"https:\/\/schema.org\",\"@graph\":[{\"@type\":\"Article\",\"@id\":\"https:\/\/www.qualitel.org\/professionnels\/actualites\/caluire-et-cuire-signe-convention-partenariat-territorialisee-avec-cerqual\/#article\",\"isPartOf\":{\"@id\":\"https:\/\/www.qualitel.org\/professionnels\/actualites\/caluire-et-cuire-signe-convention-partenariat-territorialisee-avec-cerqual\/\"},\"author\":{\"name\":\"Julie CARNEZ\",\"@id\":\"https:\/\/www.qualitel.org\/professionnels\/#\/schema\/person\/8da1b40abc7d27162c267baae6ea6b6e\"},\"headline\":\"Caluire-et-Cuire signe une Convention de partenariat territorialis\u00e9e avec CERQUAL\",\"datePublished\":\"2023-10-13T10:01:36+00:00\",\"dateModified\":\"2023-10-13T10:01:37+00:00\",\"mainEntityOfPage\":{\"@id\":\"https:\/\/www.qualitel.org\/professionnels\/actualites\/caluire-et-cuire-signe-convention-partenariat-territorialisee-avec-cerqual\/\"},\"wordCount\":10,\"publisher\":{\"@id\":\"https:\/\/www.qualitel.org\/professionnels\/#organization\"},\"image\":{\"@id\":\"https:\/\/www.qualitel.org\/professionnels\/actualites\/caluire-et-cuire-signe-convention-partenariat-territorialisee-avec-cerqual\/#primaryimage\"},\"thumbnailUrl\":\"https:\/\/www.qualitel.org\/professionnels\/wp\/..\/uploads\/CP-Caluire-et-Cuire.jpg\",\"inLanguage\":\"fr-FR\"},{\"@type\":\"WebPage\",\"@id\":\"https:\/\/www.qualitel.org\/professionnels\/actualites\/caluire-et-cuire-signe-convention-partenariat-territorialisee-avec-cerqual\/\",\"url\":\"https:\/\/www.qualitel.org\/professionnels\/actualites\/caluire-et-cuire-signe-convention-partenariat-territorialisee-avec-cerqual\/\",\"name\":\"Caluire-et-Cuire signe une Convention de partenariat territorialis\u00e9e avec CERQUAL - Qualitel | Professionnels\",\"isPartOf\":{\"@id\":\"https:\/\/www.qualitel.org\/professionnels\/#website\"},\"primaryImageOfPage\":{\"@id\":\"https:\/\/www.qualitel.org\/professionnels\/actualites\/caluire-et-cuire-signe-convention-partenariat-territorialisee-avec-cerqual\/#primaryimage\"},\"image\":{\"@id\":\"https:\/\/www.qualitel.org\/professionnels\/actualites\/caluire-et-cuire-signe-convention-partenariat-territorialisee-avec-cerqual\/#primaryimage\"},\"thumbnailUrl\":\"https:\/\/www.qualitel.org\/professionnels\/wp\/..\/uploads\/CP-Caluire-et-Cuire.jpg\",\"datePublished\":\"2023-10-13T10:01:36+00:00\",\"dateModified\":\"2023-10-13T10:01:37+00:00\",\"description\":\"La commune, situ\u00e9e dans la m\u00e9tropole du Grand Lyon, a sign\u00e9 une convention de partenariat territorialis\u00e9e avec CERQUAL. Avec ce partenariat, la ville de Caluire-et-Cuire s\u2019engage \u00e0 ce que les logements atteignent la certification NF Habitat HQE profil biodiversit\u00e9, en lien avec la Charte architecturale, urbaine et paysag\u00e8re et la Charte environnementale pour la biodiversit\u00e9 de la commune.\",\"breadcrumb\":{\"@id\":\"https:\/\/www.qualitel.org\/professionnels\/actualites\/caluire-et-cuire-signe-convention-partenariat-territorialisee-avec-cerqual\/#breadcrumb\"},\"inLanguage\":\"fr-FR\",\"potentialAction\":[{\"@type\":\"ReadAction\",\"target\":[\"https:\/\/www.qualitel.org\/professionnels\/actualites\/caluire-et-cuire-signe-convention-partenariat-territorialisee-avec-cerqual\/\"]}]},{\"@type\":\"ImageObject\",\"inLanguage\":\"fr-FR\",\"@id\":\"https:\/\/www.qualitel.org\/professionnels\/actualites\/caluire-et-cuire-signe-convention-partenariat-territorialisee-avec-cerqual\/#primaryimage\",\"url\":\"https:\/\/www.qualitel.org\/professionnels\/wp\/..\/uploads\/CP-Caluire-et-Cuire.jpg\",\"contentUrl\":\"https:\/\/www.qualitel.org\/professionnels\/wp\/..\/uploads\/CP-Caluire-et-Cuire.jpg\",\"width\":900,\"height\":513},{\"@type\":\"BreadcrumbList\",\"@id\":\"https:\/\/www.qualitel.org\/professionnels\/actualites\/caluire-et-cuire-signe-convention-partenariat-territorialisee-avec-cerqual\/#breadcrumb\",\"itemListElement\":[{\"@type\":\"ListItem\",\"position\":1,\"name\":\"Accueil\",\"item\":\"https:\/\/www.qualitel.org\/professionnels\/\"},{\"@type\":\"ListItem\",\"position\":2,\"name\":\"Caluire-et-Cuire signe une Convention de partenariat territorialis\u00e9e avec CERQUAL\"}]},{\"@type\":\"WebSite\",\"@id\":\"https:\/\/www.qualitel.org\/professionnels\/#website\",\"url\":\"https:\/\/www.qualitel.org\/professionnels\/\",\"name\":\"Qualitel | Professionnels\",\"description\":\"\",\"publisher\":{\"@id\":\"https:\/\/www.qualitel.org\/professionnels\/#organization\"},\"potentialAction\":[{\"@type\":\"SearchAction\",\"target\":{\"@type\":\"EntryPoint\",\"urlTemplate\":\"https:\/\/www.qualitel.org\/professionnels\/?s={search_term_string}\"},\"query-input\":{\"@type\":\"PropertyValueSpecification\",\"valueRequired\":true,\"valueName\":\"search_term_string\"}}],\"inLanguage\":\"fr-FR\"},{\"@type\":\"Organization\",\"@id\":\"https:\/\/www.qualitel.org\/professionnels\/#organization\",\"name\":\"Qualitel\",\"url\":\"https:\/\/www.qualitel.org\/professionnels\/\",\"logo\":{\"@type\":\"ImageObject\",\"inLanguage\":\"fr-FR\",\"@id\":\"https:\/\/www.qualitel.org\/professionnels\/#\/schema\/logo\/image\/\",\"url\":\"https:\/\/www.qualitel.org\/professionnels\/wp\/..\/uploads\/qualitel_social.jpg\",\"contentUrl\":\"https:\/\/www.qualitel.org\/professionnels\/wp\/..\/uploads\/qualitel_social.jpg\",\"width\":1080,\"height\":1080,\"caption\":\"Qualitel\"},\"image\":{\"@id\":\"https:\/\/www.qualitel.org\/professionnels\/#\/schema\/logo\/image\/\"},\"sameAs\":[\"https:\/\/www.facebook.com\/groupequalitel\/\",\"https:\/\/x.com\/groupeQUALITEL\",\"https:\/\/www.instagram.com\/associationqualitel\/\"]},{\"@type\":\"Person\",\"@id\":\"https:\/\/www.qualitel.org\/professionnels\/#\/schema\/person\/8da1b40abc7d27162c267baae6ea6b6e\",\"name\":\"Julie CARNEZ\",\"image\":{\"@type\":\"ImageObject\",\"inLanguage\":\"fr-FR\",\"@id\":\"https:\/\/www.qualitel.org\/professionnels\/#\/schema\/person\/image\/\",\"url\":\"https:\/\/secure.gravatar.com\/avatar\/41fcfdc51e7305fd5b17ead841bd2e1f6a982b0f5ccaf899636b8ccab25ca5b1?s=96&d=mm&r=g\",\"contentUrl\":\"https:\/\/secure.gravatar.com\/avatar\/41fcfdc51e7305fd5b17ead841bd2e1f6a982b0f5ccaf899636b8ccab25ca5b1?s=96&d=mm&r=g\",\"caption\":\"Julie CARNEZ\"}}]}<\/script>\n<!-- \/ Yoast SEO plugin. -->","yoast_head_json":{"title":"Caluire-et-Cuire signe une Convention de partenariat territorialis\u00e9e avec CERQUAL - Qualitel | Professionnels","description":"La commune, situ\u00e9e dans la m\u00e9tropole du Grand Lyon, a sign\u00e9 une convention de partenariat territorialis\u00e9e avec CERQUAL. Avec ce partenariat, la ville de Caluire-et-Cuire s\u2019engage \u00e0 ce que les logements atteignent la certification NF Habitat HQE profil biodiversit\u00e9, en lien avec la Charte architecturale, urbaine et paysag\u00e8re et la Charte environnementale pour la biodiversit\u00e9 de la commune.","robots":{"index":"index","follow":"follow","max-snippet":"max-snippet:-1","max-image-preview":"max-image-preview:large","max-video-preview":"max-video-preview:-1"},"canonical":"https:\/\/www.qualitel.org\/professionnels\/actualites\/caluire-et-cuire-signe-convention-partenariat-territorialisee-avec-cerqual\/","og_locale":"fr_FR","og_type":"article","og_title":"Caluire-et-Cuire signe une Convention de partenariat territorialis\u00e9e avec CERQUAL - Qualitel | Professionnels","og_description":"La commune, situ\u00e9e dans la m\u00e9tropole du Grand Lyon, a sign\u00e9 une convention de partenariat territorialis\u00e9e avec CERQUAL. Avec ce partenariat, la ville de Caluire-et-Cuire s\u2019engage \u00e0 ce que les logements atteignent la certification NF Habitat HQE profil biodiversit\u00e9, en lien avec la Charte architecturale, urbaine et paysag\u00e8re et la Charte environnementale pour la biodiversit\u00e9 de la commune.","og_url":"https:\/\/www.qualitel.org\/professionnels\/actualites\/caluire-et-cuire-signe-convention-partenariat-territorialisee-avec-cerqual\/","og_site_name":"Qualitel | Professionnels","article_publisher":"https:\/\/www.facebook.com\/groupequalitel\/","article_published_time":"2023-10-13T10:01:36+00:00","article_modified_time":"2023-10-13T10:01:37+00:00","og_image":[{"width":900,"height":513,"url":"https:\/\/www.qualitel.org\/professionnels\/wp\/..\/uploads\/CP-Caluire-et-Cuire.jpg","type":"image\/jpeg"}],"author":"Julie CARNEZ","twitter_card":"summary_large_image","twitter_description":"La commune, situ\u00e9e dans la m\u00e9tropole du Grand Lyon, a sign\u00e9 une convention de partenariat territorialis\u00e9e avec CERQUAL. Avec ce partenariat, la ville de Caluire-et-Cuire s\u2019engage \u00e0 ce que les logements atteignent la certification NF Habitat HQE profil biodiversit\u00e9, en lien avec la Charte architecturale, urbaine et paysag\u00e8re et la Charte environnementale pour la biodiversit\u00e9 de la commune.\n","twitter_creator":"@groupeQUALITEL","twitter_site":"@groupeQUALITEL","twitter_misc":{"Written by":"Julie CARNEZ"},"schema":{"@context":"https:\/\/schema.org","@graph":[{"@type":"Article","@id":"https:\/\/www.qualitel.org\/professionnels\/actualites\/caluire-et-cuire-signe-convention-partenariat-territorialisee-avec-cerqual\/#article","isPartOf":{"@id":"https:\/\/www.qualitel.org\/professionnels\/actualites\/caluire-et-cuire-signe-convention-partenariat-territorialisee-avec-cerqual\/"},"author":{"name":"Julie CARNEZ","@id":"https:\/\/www.qualitel.org\/professionnels\/#\/schema\/person\/8da1b40abc7d27162c267baae6ea6b6e"},"headline":"Caluire-et-Cuire signe une Convention de partenariat territorialis\u00e9e avec CERQUAL","datePublished":"2023-10-13T10:01:36+00:00","dateModified":"2023-10-13T10:01:37+00:00","mainEntityOfPage":{"@id":"https:\/\/www.qualitel.org\/professionnels\/actualites\/caluire-et-cuire-signe-convention-partenariat-territorialisee-avec-cerqual\/"},"wordCount":10,"publisher":{"@id":"https:\/\/www.qualitel.org\/professionnels\/#organization"},"image":{"@id":"https:\/\/www.qualitel.org\/professionnels\/actualites\/caluire-et-cuire-signe-convention-partenariat-territorialisee-avec-cerqual\/#primaryimage"},"thumbnailUrl":"https:\/\/www.qualitel.org\/professionnels\/wp\/..\/uploads\/CP-Caluire-et-Cuire.jpg","inLanguage":"fr-FR"},{"@type":"WebPage","@id":"https:\/\/www.qualitel.org\/professionnels\/actualites\/caluire-et-cuire-signe-convention-partenariat-territorialisee-avec-cerqual\/","url":"https:\/\/www.qualitel.org\/professionnels\/actualites\/caluire-et-cuire-signe-convention-partenariat-territorialisee-avec-cerqual\/","name":"Caluire-et-Cuire signe une Convention de partenariat territorialis\u00e9e avec CERQUAL - Qualitel | Professionnels","isPartOf":{"@id":"https:\/\/www.qualitel.org\/professionnels\/#website"},"primaryImageOfPage":{"@id":"https:\/\/www.qualitel.org\/professionnels\/actualites\/caluire-et-cuire-signe-convention-partenariat-territorialisee-avec-cerqual\/#primaryimage"},"image":{"@id":"https:\/\/www.qualitel.org\/professionnels\/actualites\/caluire-et-cuire-signe-convention-partenariat-territorialisee-avec-cerqual\/#primaryimage"},"thumbnailUrl":"https:\/\/www.qualitel.org\/professionnels\/wp\/..\/uploads\/CP-Caluire-et-Cuire.jpg","datePublished":"2023-10-13T10:01:36+00:00","dateModified":"2023-10-13T10:01:37+00:00","description":"La commune, situ\u00e9e dans la m\u00e9tropole du Grand Lyon, a sign\u00e9 une convention de partenariat territorialis\u00e9e avec CERQUAL. Avec ce partenariat, la ville de Caluire-et-Cuire s\u2019engage \u00e0 ce que les logements atteignent la certification NF Habitat HQE profil biodiversit\u00e9, en lien avec la Charte architecturale, urbaine et paysag\u00e8re et la Charte environnementale pour la biodiversit\u00e9 de la commune.","breadcrumb":{"@id":"https:\/\/www.qualitel.org\/professionnels\/actualites\/caluire-et-cuire-signe-convention-partenariat-territorialisee-avec-cerqual\/#breadcrumb"},"inLanguage":"fr-FR","potentialAction":[{"@type":"ReadAction","target":["https:\/\/www.qualitel.org\/professionnels\/actualites\/caluire-et-cuire-signe-convention-partenariat-territorialisee-avec-cerqual\/"]}]},{"@type":"ImageObject","inLanguage":"fr-FR","@id":"https:\/\/www.qualitel.org\/professionnels\/actualites\/caluire-et-cuire-signe-convention-partenariat-territorialisee-avec-cerqual\/#primaryimage","url":"https:\/\/www.qualitel.org\/professionnels\/wp\/..\/uploads\/CP-Caluire-et-Cuire.jpg","contentUrl":"https:\/\/www.qualitel.org\/professionnels\/wp\/..\/uploads\/CP-Caluire-et-Cuire.jpg","width":900,"height":513},{"@type":"BreadcrumbList","@id":"https:\/\/www.qualitel.org\/professionnels\/actualites\/caluire-et-cuire-signe-convention-partenariat-territorialisee-avec-cerqual\/#breadcrumb","itemListElement":[{"@type":"ListItem","position":1,"name":"Accueil","item":"https:\/\/www.qualitel.org\/professionnels\/"},{"@type":"ListItem","position":2,"name":"Caluire-et-Cuire signe une Convention de partenariat territorialis\u00e9e avec CERQUAL"}]},{"@type":"WebSite","@id":"https:\/\/www.qualitel.org\/professionnels\/#website","url":"https:\/\/www.qualitel.org\/professionnels\/","name":"Qualitel | Professionnels","description":"","publisher":{"@id":"https:\/\/www.qualitel.org\/professionnels\/#organization"},"potentialAction":[{"@type":"SearchAction","target":{"@type":"EntryPoint","urlTemplate":"https:\/\/www.qualitel.org\/professionnels\/?s={search_term_string}"},"query-input":{"@type":"PropertyValueSpecification","valueRequired":true,"valueName":"search_term_string"}}],"inLanguage":"fr-FR"},{"@type":"Organization","@id":"https:\/\/www.qualitel.org\/professionnels\/#organization","name":"Qualitel","url":"https:\/\/www.qualitel.org\/professionnels\/","logo":{"@type":"ImageObject","inLanguage":"fr-FR","@id":"https:\/\/www.qualitel.org\/professionnels\/#\/schema\/logo\/image\/","url":"https:\/\/www.qualitel.org\/professionnels\/wp\/..\/uploads\/qualitel_social.jpg","contentUrl":"https:\/\/www.qualitel.org\/professionnels\/wp\/..\/uploads\/qualitel_social.jpg","width":1080,"height":1080,"caption":"Qualitel"},"image":{"@id":"https:\/\/www.qualitel.org\/professionnels\/#\/schema\/logo\/image\/"},"sameAs":["https:\/\/www.facebook.com\/groupequalitel\/","https:\/\/x.com\/groupeQUALITEL","https:\/\/www.instagram.com\/associationqualitel\/"]},{"@type":"Person","@id":"https:\/\/www.qualitel.org\/professionnels\/#\/schema\/person\/8da1b40abc7d27162c267baae6ea6b6e","name":"Julie CARNEZ","image":{"@type":"ImageObject","inLanguage":"fr-FR","@id":"https:\/\/www.qualitel.org\/professionnels\/#\/schema\/person\/image\/","url":"https:\/\/secure.gravatar.com\/avatar\/41fcfdc51e7305fd5b17ead841bd2e1f6a982b0f5ccaf899636b8ccab25ca5b1?s=96&d=mm&r=g","contentUrl":"https:\/\/secure.gravatar.com\/avatar\/41fcfdc51e7305fd5b17ead841bd2e1f6a982b0f5ccaf899636b8ccab25ca5b1?s=96&d=mm&r=g","caption":"Julie CARNEZ"}}]}},"_links":{"self":[{"href":"https:\/\/www.qualitel.org\/professionnels\/wp-json\/wp\/v2\/posts\/69285","targetHints":{"allow":["GET"]}}],"collection":[{"href":"https:\/\/www.qualitel.org\/professionnels\/wp-json\/wp\/v2\/posts"}],"about":[{"href":"https:\/\/www.qualitel.org\/professionnels\/wp-json\/wp\/v2\/types\/post"}],"author":[{"embeddable":true,"href":"https:\/\/www.qualitel.org\/professionnels\/wp-json\/wp\/v2\/users\/24"}],"replies":[{"embeddable":true,"href":"https:\/\/www.qualitel.org\/professionnels\/wp-json\/wp\/v2\/comments?post=69285"}],"version-history":[{"count":6,"href":"https:\/\/www.qualitel.org\/professionnels\/wp-json\/wp\/v2\/posts\/69285\/revisions"}],"predecessor-version":[{"id":69293,"href":"https:\/\/www.qualitel.org\/professionnels\/wp-json\/wp\/v2\/posts\/69285\/revisions\/69293"}],"wp:featuredmedia":[{"embeddable":true,"href":"https:\/\/www.qualitel.org\/professionnels\/wp-json\/wp\/v2\/media\/69286"}],"wp:attachment":[{"href":"https:\/\/www.qualitel.org\/professionnels\/wp-json\/wp\/v2\/media?parent=69285"}],"wp:term":[{"taxonomy":"tags","embeddable":true,"href":"https:\/\/www.qualitel.org\/professionnels\/wp-json\/wp\/v2\/tags?post=69285"},{"taxonomy":"etiquettes","embeddable":true,"href":"https:\/\/www.qualitel.org\/professionnels\/wp-json\/wp\/v2\/tags?post=69285"},{"taxonomy":"article_type","embeddable":true,"href":"https:\/\/www.qualitel.org\/professionnels\/wp-json\/wp\/v2\/article_type?post=69285"}],"curies":[{"name":"wp","href":"https:\/\/api.w.org\/{rel}","templated":true}]}}