{"id":72212,"date":"2024-01-10T16:20:03","date_gmt":"2024-01-10T15:20:03","guid":{"rendered":"https:\/\/www.qualitel.org\/professionnels\/?p=72212"},"modified":"2024-01-16T11:17:31","modified_gmt":"2024-01-16T10:17:31","slug":"cerqual-signe-une-convention-de-partenariat-avec-le-gip-epau","status":"publish","type":"post","link":"https:\/\/www.qualitel.org\/professionnels\/actualites\/cerqual-signe-convention-partenariat-avec-gip-epau\/","title":{"rendered":"CERQUAL signe une convention de partenariat avec le GIP EPAU"},"content":{"rendered":"","protected":false},"excerpt":{"rendered":"","protected":false},"author":24,"featured_media":72215,"comment_status":"closed","ping_status":"closed","sticky":false,"template":"","format":"standard","meta":{"_acf_changed":false,"footnotes":""},"tags":[420],"article_type":[368],"class_list":["post-72212","post","type-post","status-publish","format-standard","has-post-thumbnail","hentry","tags-certification","tags-developpement","etiquettes-signature","article_type-actualites"],"acf":[],"yoast_head":"<!-- This site is optimized with the Yoast SEO plugin v26.3 - https:\/\/yoast.com\/wordpress\/plugins\/seo\/ -->\n<title>CERQUAL signe une convention de partenariat avec le GIP EPAU - Qualitel | Professionnels<\/title>\n<meta name=\"description\" content=\"Cette convention de partenariat concerne le programme \u00ab\u00a0Engag\u00e9s pour la qualit\u00e9 du logement de demain\u00a0\u00bb, g\u00e9r\u00e9 par le GIP EPAU. A travers cette convention, applicable depuis le 1er janvier 2024, CERQUAL Qualitel Certification et le GIP EPAU s\u2019engagent \u00e0 promouvoir la qualit\u00e9 des logements et \u00e0 suivre les performances \u00e9nerg\u00e9tique et environnementale des projets laur\u00e9ats du programme.\" \/>\n<meta name=\"robots\" content=\"index, follow, max-snippet:-1, max-image-preview:large, max-video-preview:-1\" \/>\n<link rel=\"canonical\" href=\"https:\/\/www.qualitel.org\/professionnels\/actualites\/cerqual-signe-convention-partenariat-avec-gip-epau\/\" \/>\n<meta property=\"og:locale\" content=\"fr_FR\" \/>\n<meta property=\"og:type\" content=\"article\" \/>\n<meta property=\"og:title\" content=\"CERQUAL signe une convention de partenariat avec le GIP EPAU - Qualitel | Professionnels\" \/>\n<meta property=\"og:description\" content=\"Cette convention de partenariat concerne le programme \u00ab\u00a0Engag\u00e9s pour la qualit\u00e9 du logement de demain\u00a0\u00bb, g\u00e9r\u00e9 par le GIP EPAU. A travers cette convention, applicable depuis le 1er janvier 2024, CERQUAL Qualitel Certification et le GIP EPAU s\u2019engagent \u00e0 promouvoir la qualit\u00e9 des logements et \u00e0 suivre les performances \u00e9nerg\u00e9tique et environnementale des projets laur\u00e9ats du programme.\" \/>\n<meta property=\"og:url\" content=\"https:\/\/www.qualitel.org\/professionnels\/actualites\/cerqual-signe-convention-partenariat-avec-gip-epau\/\" \/>\n<meta property=\"og:site_name\" content=\"Qualitel | Professionnels\" \/>\n<meta property=\"article:publisher\" content=\"https:\/\/www.facebook.com\/groupequalitel\/\" \/>\n<meta property=\"article:published_time\" content=\"2024-01-10T15:20:03+00:00\" \/>\n<meta property=\"article:modified_time\" content=\"2024-01-16T10:17:31+00:00\" \/>\n<meta property=\"og:image\" content=\"https:\/\/www.qualitel.org\/professionnels\/wp\/..\/uploads\/signature-cerqual-gip-epau.jpg\" \/>\n\t<meta property=\"og:image:width\" content=\"900\" \/>\n\t<meta property=\"og:image:height\" content=\"513\" \/>\n\t<meta property=\"og:image:type\" content=\"image\/jpeg\" \/>\n<meta name=\"author\" content=\"Julie CARNEZ\" \/>\n<meta name=\"twitter:card\" content=\"summary_large_image\" \/>\n<meta name=\"twitter:description\" content=\"Cette convention de partenariat concerne le programme \u00ab\u00a0Engag\u00e9s pour la qualit\u00e9 du logement de demain\u00a0\u00bb, g\u00e9r\u00e9 par le GIP EPAU. A travers cette convention, applicable depuis le 1er janvier 2024, CERQUAL Qualitel Certification et le GIP EPAU s\u2019engagent \u00e0 promouvoir la qualit\u00e9 des logements et \u00e0 suivre les performances \u00e9nerg\u00e9tique et environnementale des projets laur\u00e9ats du programme.\n\" \/>\n<meta name=\"twitter:creator\" content=\"@groupeQUALITEL\" \/>\n<meta name=\"twitter:site\" content=\"@groupeQUALITEL\" \/>\n<meta name=\"twitter:label1\" content=\"Written by\" \/>\n\t<meta name=\"twitter:data1\" content=\"Julie CARNEZ\" \/>\n<script type=\"application\/ld+json\" class=\"yoast-schema-graph\">{\"@context\":\"https:\/\/schema.org\",\"@graph\":[{\"@type\":\"Article\",\"@id\":\"https:\/\/www.qualitel.org\/professionnels\/actualites\/cerqual-signe-convention-partenariat-avec-gip-epau\/#article\",\"isPartOf\":{\"@id\":\"https:\/\/www.qualitel.org\/professionnels\/actualites\/cerqual-signe-convention-partenariat-avec-gip-epau\/\"},\"author\":{\"name\":\"Julie CARNEZ\",\"@id\":\"https:\/\/www.qualitel.org\/professionnels\/#\/schema\/person\/8da1b40abc7d27162c267baae6ea6b6e\"},\"headline\":\"CERQUAL signe une convention de partenariat avec le GIP EPAU\",\"datePublished\":\"2024-01-10T15:20:03+00:00\",\"dateModified\":\"2024-01-16T10:17:31+00:00\",\"mainEntityOfPage\":{\"@id\":\"https:\/\/www.qualitel.org\/professionnels\/actualites\/cerqual-signe-convention-partenariat-avec-gip-epau\/\"},\"wordCount\":10,\"publisher\":{\"@id\":\"https:\/\/www.qualitel.org\/professionnels\/#organization\"},\"image\":{\"@id\":\"https:\/\/www.qualitel.org\/professionnels\/actualites\/cerqual-signe-convention-partenariat-avec-gip-epau\/#primaryimage\"},\"thumbnailUrl\":\"https:\/\/www.qualitel.org\/professionnels\/wp\/..\/uploads\/signature-cerqual-gip-epau.jpg\",\"inLanguage\":\"fr-FR\"},{\"@type\":\"WebPage\",\"@id\":\"https:\/\/www.qualitel.org\/professionnels\/actualites\/cerqual-signe-convention-partenariat-avec-gip-epau\/\",\"url\":\"https:\/\/www.qualitel.org\/professionnels\/actualites\/cerqual-signe-convention-partenariat-avec-gip-epau\/\",\"name\":\"CERQUAL signe une convention de partenariat avec le GIP EPAU - Qualitel | Professionnels\",\"isPartOf\":{\"@id\":\"https:\/\/www.qualitel.org\/professionnels\/#website\"},\"primaryImageOfPage\":{\"@id\":\"https:\/\/www.qualitel.org\/professionnels\/actualites\/cerqual-signe-convention-partenariat-avec-gip-epau\/#primaryimage\"},\"image\":{\"@id\":\"https:\/\/www.qualitel.org\/professionnels\/actualites\/cerqual-signe-convention-partenariat-avec-gip-epau\/#primaryimage\"},\"thumbnailUrl\":\"https:\/\/www.qualitel.org\/professionnels\/wp\/..\/uploads\/signature-cerqual-gip-epau.jpg\",\"datePublished\":\"2024-01-10T15:20:03+00:00\",\"dateModified\":\"2024-01-16T10:17:31+00:00\",\"description\":\"Cette convention de partenariat concerne le programme \u00ab\u00a0Engag\u00e9s pour la qualit\u00e9 du logement de demain\u00a0\u00bb, g\u00e9r\u00e9 par le GIP EPAU. A travers cette convention, applicable depuis le 1er janvier 2024, CERQUAL Qualitel Certification et le GIP EPAU s\u2019engagent \u00e0 promouvoir la qualit\u00e9 des logements et \u00e0 suivre les performances \u00e9nerg\u00e9tique et environnementale des projets laur\u00e9ats du programme.\",\"breadcrumb\":{\"@id\":\"https:\/\/www.qualitel.org\/professionnels\/actualites\/cerqual-signe-convention-partenariat-avec-gip-epau\/#breadcrumb\"},\"inLanguage\":\"fr-FR\",\"potentialAction\":[{\"@type\":\"ReadAction\",\"target\":[\"https:\/\/www.qualitel.org\/professionnels\/actualites\/cerqual-signe-convention-partenariat-avec-gip-epau\/\"]}]},{\"@type\":\"ImageObject\",\"inLanguage\":\"fr-FR\",\"@id\":\"https:\/\/www.qualitel.org\/professionnels\/actualites\/cerqual-signe-convention-partenariat-avec-gip-epau\/#primaryimage\",\"url\":\"https:\/\/www.qualitel.org\/professionnels\/wp\/..\/uploads\/signature-cerqual-gip-epau.jpg\",\"contentUrl\":\"https:\/\/www.qualitel.org\/professionnels\/wp\/..\/uploads\/signature-cerqual-gip-epau.jpg\",\"width\":900,\"height\":513},{\"@type\":\"BreadcrumbList\",\"@id\":\"https:\/\/www.qualitel.org\/professionnels\/actualites\/cerqual-signe-convention-partenariat-avec-gip-epau\/#breadcrumb\",\"itemListElement\":[{\"@type\":\"ListItem\",\"position\":1,\"name\":\"Accueil\",\"item\":\"https:\/\/www.qualitel.org\/professionnels\/\"},{\"@type\":\"ListItem\",\"position\":2,\"name\":\"CERQUAL signe une convention de partenariat avec le GIP EPAU\"}]},{\"@type\":\"WebSite\",\"@id\":\"https:\/\/www.qualitel.org\/professionnels\/#website\",\"url\":\"https:\/\/www.qualitel.org\/professionnels\/\",\"name\":\"Qualitel | Professionnels\",\"description\":\"\",\"publisher\":{\"@id\":\"https:\/\/www.qualitel.org\/professionnels\/#organization\"},\"potentialAction\":[{\"@type\":\"SearchAction\",\"target\":{\"@type\":\"EntryPoint\",\"urlTemplate\":\"https:\/\/www.qualitel.org\/professionnels\/?s={search_term_string}\"},\"query-input\":{\"@type\":\"PropertyValueSpecification\",\"valueRequired\":true,\"valueName\":\"search_term_string\"}}],\"inLanguage\":\"fr-FR\"},{\"@type\":\"Organization\",\"@id\":\"https:\/\/www.qualitel.org\/professionnels\/#organization\",\"name\":\"Qualitel\",\"url\":\"https:\/\/www.qualitel.org\/professionnels\/\",\"logo\":{\"@type\":\"ImageObject\",\"inLanguage\":\"fr-FR\",\"@id\":\"https:\/\/www.qualitel.org\/professionnels\/#\/schema\/logo\/image\/\",\"url\":\"https:\/\/www.qualitel.org\/professionnels\/wp\/..\/uploads\/qualitel_social.jpg\",\"contentUrl\":\"https:\/\/www.qualitel.org\/professionnels\/wp\/..\/uploads\/qualitel_social.jpg\",\"width\":1080,\"height\":1080,\"caption\":\"Qualitel\"},\"image\":{\"@id\":\"https:\/\/www.qualitel.org\/professionnels\/#\/schema\/logo\/image\/\"},\"sameAs\":[\"https:\/\/www.facebook.com\/groupequalitel\/\",\"https:\/\/x.com\/groupeQUALITEL\",\"https:\/\/www.instagram.com\/associationqualitel\/\"]},{\"@type\":\"Person\",\"@id\":\"https:\/\/www.qualitel.org\/professionnels\/#\/schema\/person\/8da1b40abc7d27162c267baae6ea6b6e\",\"name\":\"Julie CARNEZ\",\"image\":{\"@type\":\"ImageObject\",\"inLanguage\":\"fr-FR\",\"@id\":\"https:\/\/www.qualitel.org\/professionnels\/#\/schema\/person\/image\/\",\"url\":\"https:\/\/secure.gravatar.com\/avatar\/41fcfdc51e7305fd5b17ead841bd2e1f6a982b0f5ccaf899636b8ccab25ca5b1?s=96&d=mm&r=g\",\"contentUrl\":\"https:\/\/secure.gravatar.com\/avatar\/41fcfdc51e7305fd5b17ead841bd2e1f6a982b0f5ccaf899636b8ccab25ca5b1?s=96&d=mm&r=g\",\"caption\":\"Julie CARNEZ\"}}]}<\/script>\n<!-- \/ Yoast SEO plugin. -->","yoast_head_json":{"title":"CERQUAL signe une convention de partenariat avec le GIP EPAU - Qualitel | Professionnels","description":"Cette convention de partenariat concerne le programme \u00ab\u00a0Engag\u00e9s pour la qualit\u00e9 du logement de demain\u00a0\u00bb, g\u00e9r\u00e9 par le GIP EPAU. A travers cette convention, applicable depuis le 1er janvier 2024, CERQUAL Qualitel Certification et le GIP EPAU s\u2019engagent \u00e0 promouvoir la qualit\u00e9 des logements et \u00e0 suivre les performances \u00e9nerg\u00e9tique et environnementale des projets laur\u00e9ats du programme.","robots":{"index":"index","follow":"follow","max-snippet":"max-snippet:-1","max-image-preview":"max-image-preview:large","max-video-preview":"max-video-preview:-1"},"canonical":"https:\/\/www.qualitel.org\/professionnels\/actualites\/cerqual-signe-convention-partenariat-avec-gip-epau\/","og_locale":"fr_FR","og_type":"article","og_title":"CERQUAL signe une convention de partenariat avec le GIP EPAU - Qualitel | Professionnels","og_description":"Cette convention de partenariat concerne le programme \u00ab\u00a0Engag\u00e9s pour la qualit\u00e9 du logement de demain\u00a0\u00bb, g\u00e9r\u00e9 par le GIP EPAU. A travers cette convention, applicable depuis le 1er janvier 2024, CERQUAL Qualitel Certification et le GIP EPAU s\u2019engagent \u00e0 promouvoir la qualit\u00e9 des logements et \u00e0 suivre les performances \u00e9nerg\u00e9tique et environnementale des projets laur\u00e9ats du programme.","og_url":"https:\/\/www.qualitel.org\/professionnels\/actualites\/cerqual-signe-convention-partenariat-avec-gip-epau\/","og_site_name":"Qualitel | Professionnels","article_publisher":"https:\/\/www.facebook.com\/groupequalitel\/","article_published_time":"2024-01-10T15:20:03+00:00","article_modified_time":"2024-01-16T10:17:31+00:00","og_image":[{"width":900,"height":513,"url":"https:\/\/www.qualitel.org\/professionnels\/wp\/..\/uploads\/signature-cerqual-gip-epau.jpg","type":"image\/jpeg"}],"author":"Julie CARNEZ","twitter_card":"summary_large_image","twitter_description":"Cette convention de partenariat concerne le programme \u00ab\u00a0Engag\u00e9s pour la qualit\u00e9 du logement de demain\u00a0\u00bb, g\u00e9r\u00e9 par le GIP EPAU. A travers cette convention, applicable depuis le 1er janvier 2024, CERQUAL Qualitel Certification et le GIP EPAU s\u2019engagent \u00e0 promouvoir la qualit\u00e9 des logements et \u00e0 suivre les performances \u00e9nerg\u00e9tique et environnementale des projets laur\u00e9ats du programme.\n","twitter_creator":"@groupeQUALITEL","twitter_site":"@groupeQUALITEL","twitter_misc":{"Written by":"Julie CARNEZ"},"schema":{"@context":"https:\/\/schema.org","@graph":[{"@type":"Article","@id":"https:\/\/www.qualitel.org\/professionnels\/actualites\/cerqual-signe-convention-partenariat-avec-gip-epau\/#article","isPartOf":{"@id":"https:\/\/www.qualitel.org\/professionnels\/actualites\/cerqual-signe-convention-partenariat-avec-gip-epau\/"},"author":{"name":"Julie CARNEZ","@id":"https:\/\/www.qualitel.org\/professionnels\/#\/schema\/person\/8da1b40abc7d27162c267baae6ea6b6e"},"headline":"CERQUAL signe une convention de partenariat avec le GIP EPAU","datePublished":"2024-01-10T15:20:03+00:00","dateModified":"2024-01-16T10:17:31+00:00","mainEntityOfPage":{"@id":"https:\/\/www.qualitel.org\/professionnels\/actualites\/cerqual-signe-convention-partenariat-avec-gip-epau\/"},"wordCount":10,"publisher":{"@id":"https:\/\/www.qualitel.org\/professionnels\/#organization"},"image":{"@id":"https:\/\/www.qualitel.org\/professionnels\/actualites\/cerqual-signe-convention-partenariat-avec-gip-epau\/#primaryimage"},"thumbnailUrl":"https:\/\/www.qualitel.org\/professionnels\/wp\/..\/uploads\/signature-cerqual-gip-epau.jpg","inLanguage":"fr-FR"},{"@type":"WebPage","@id":"https:\/\/www.qualitel.org\/professionnels\/actualites\/cerqual-signe-convention-partenariat-avec-gip-epau\/","url":"https:\/\/www.qualitel.org\/professionnels\/actualites\/cerqual-signe-convention-partenariat-avec-gip-epau\/","name":"CERQUAL signe une convention de partenariat avec le GIP EPAU - Qualitel | Professionnels","isPartOf":{"@id":"https:\/\/www.qualitel.org\/professionnels\/#website"},"primaryImageOfPage":{"@id":"https:\/\/www.qualitel.org\/professionnels\/actualites\/cerqual-signe-convention-partenariat-avec-gip-epau\/#primaryimage"},"image":{"@id":"https:\/\/www.qualitel.org\/professionnels\/actualites\/cerqual-signe-convention-partenariat-avec-gip-epau\/#primaryimage"},"thumbnailUrl":"https:\/\/www.qualitel.org\/professionnels\/wp\/..\/uploads\/signature-cerqual-gip-epau.jpg","datePublished":"2024-01-10T15:20:03+00:00","dateModified":"2024-01-16T10:17:31+00:00","description":"Cette convention de partenariat concerne le programme \u00ab\u00a0Engag\u00e9s pour la qualit\u00e9 du logement de demain\u00a0\u00bb, g\u00e9r\u00e9 par le GIP EPAU. A travers cette convention, applicable depuis le 1er janvier 2024, CERQUAL Qualitel Certification et le GIP EPAU s\u2019engagent \u00e0 promouvoir la qualit\u00e9 des logements et \u00e0 suivre les performances \u00e9nerg\u00e9tique et environnementale des projets laur\u00e9ats du programme.","breadcrumb":{"@id":"https:\/\/www.qualitel.org\/professionnels\/actualites\/cerqual-signe-convention-partenariat-avec-gip-epau\/#breadcrumb"},"inLanguage":"fr-FR","potentialAction":[{"@type":"ReadAction","target":["https:\/\/www.qualitel.org\/professionnels\/actualites\/cerqual-signe-convention-partenariat-avec-gip-epau\/"]}]},{"@type":"ImageObject","inLanguage":"fr-FR","@id":"https:\/\/www.qualitel.org\/professionnels\/actualites\/cerqual-signe-convention-partenariat-avec-gip-epau\/#primaryimage","url":"https:\/\/www.qualitel.org\/professionnels\/wp\/..\/uploads\/signature-cerqual-gip-epau.jpg","contentUrl":"https:\/\/www.qualitel.org\/professionnels\/wp\/..\/uploads\/signature-cerqual-gip-epau.jpg","width":900,"height":513},{"@type":"BreadcrumbList","@id":"https:\/\/www.qualitel.org\/professionnels\/actualites\/cerqual-signe-convention-partenariat-avec-gip-epau\/#breadcrumb","itemListElement":[{"@type":"ListItem","position":1,"name":"Accueil","item":"https:\/\/www.qualitel.org\/professionnels\/"},{"@type":"ListItem","position":2,"name":"CERQUAL signe une convention de partenariat avec le GIP EPAU"}]},{"@type":"WebSite","@id":"https:\/\/www.qualitel.org\/professionnels\/#website","url":"https:\/\/www.qualitel.org\/professionnels\/","name":"Qualitel | Professionnels","description":"","publisher":{"@id":"https:\/\/www.qualitel.org\/professionnels\/#organization"},"potentialAction":[{"@type":"SearchAction","target":{"@type":"EntryPoint","urlTemplate":"https:\/\/www.qualitel.org\/professionnels\/?s={search_term_string}"},"query-input":{"@type":"PropertyValueSpecification","valueRequired":true,"valueName":"search_term_string"}}],"inLanguage":"fr-FR"},{"@type":"Organization","@id":"https:\/\/www.qualitel.org\/professionnels\/#organization","name":"Qualitel","url":"https:\/\/www.qualitel.org\/professionnels\/","logo":{"@type":"ImageObject","inLanguage":"fr-FR","@id":"https:\/\/www.qualitel.org\/professionnels\/#\/schema\/logo\/image\/","url":"https:\/\/www.qualitel.org\/professionnels\/wp\/..\/uploads\/qualitel_social.jpg","contentUrl":"https:\/\/www.qualitel.org\/professionnels\/wp\/..\/uploads\/qualitel_social.jpg","width":1080,"height":1080,"caption":"Qualitel"},"image":{"@id":"https:\/\/www.qualitel.org\/professionnels\/#\/schema\/logo\/image\/"},"sameAs":["https:\/\/www.facebook.com\/groupequalitel\/","https:\/\/x.com\/groupeQUALITEL","https:\/\/www.instagram.com\/associationqualitel\/"]},{"@type":"Person","@id":"https:\/\/www.qualitel.org\/professionnels\/#\/schema\/person\/8da1b40abc7d27162c267baae6ea6b6e","name":"Julie CARNEZ","image":{"@type":"ImageObject","inLanguage":"fr-FR","@id":"https:\/\/www.qualitel.org\/professionnels\/#\/schema\/person\/image\/","url":"https:\/\/secure.gravatar.com\/avatar\/41fcfdc51e7305fd5b17ead841bd2e1f6a982b0f5ccaf899636b8ccab25ca5b1?s=96&d=mm&r=g","contentUrl":"https:\/\/secure.gravatar.com\/avatar\/41fcfdc51e7305fd5b17ead841bd2e1f6a982b0f5ccaf899636b8ccab25ca5b1?s=96&d=mm&r=g","caption":"Julie CARNEZ"}}]}},"_links":{"self":[{"href":"https:\/\/www.qualitel.org\/professionnels\/wp-json\/wp\/v2\/posts\/72212","targetHints":{"allow":["GET"]}}],"collection":[{"href":"https:\/\/www.qualitel.org\/professionnels\/wp-json\/wp\/v2\/posts"}],"about":[{"href":"https:\/\/www.qualitel.org\/professionnels\/wp-json\/wp\/v2\/types\/post"}],"author":[{"embeddable":true,"href":"https:\/\/www.qualitel.org\/professionnels\/wp-json\/wp\/v2\/users\/24"}],"replies":[{"embeddable":true,"href":"https:\/\/www.qualitel.org\/professionnels\/wp-json\/wp\/v2\/comments?post=72212"}],"version-history":[{"count":14,"href":"https:\/\/www.qualitel.org\/professionnels\/wp-json\/wp\/v2\/posts\/72212\/revisions"}],"predecessor-version":[{"id":72324,"href":"https:\/\/www.qualitel.org\/professionnels\/wp-json\/wp\/v2\/posts\/72212\/revisions\/72324"}],"wp:featuredmedia":[{"embeddable":true,"href":"https:\/\/www.qualitel.org\/professionnels\/wp-json\/wp\/v2\/media\/72215"}],"wp:attachment":[{"href":"https:\/\/www.qualitel.org\/professionnels\/wp-json\/wp\/v2\/media?parent=72212"}],"wp:term":[{"taxonomy":"tags","embeddable":true,"href":"https:\/\/www.qualitel.org\/professionnels\/wp-json\/wp\/v2\/tags?post=72212"},{"taxonomy":"etiquettes","embeddable":true,"href":"https:\/\/www.qualitel.org\/professionnels\/wp-json\/wp\/v2\/tags?post=72212"},{"taxonomy":"article_type","embeddable":true,"href":"https:\/\/www.qualitel.org\/professionnels\/wp-json\/wp\/v2\/article_type?post=72212"}],"curies":[{"name":"wp","href":"https:\/\/api.w.org\/{rel}","templated":true}]}}