{"id":73494,"date":"2025-02-20T13:00:29","date_gmt":"2025-02-20T12:00:29","guid":{"rendered":"https:\/\/www.qualitel.org\/professionnels\/?p=73494"},"modified":"2025-03-03T16:23:39","modified_gmt":"2025-03-03T15:23:39","slug":"certification-nf-habitat-nf-habitat-hqe-une-notoriete-en-hausse","status":"publish","type":"post","link":"https:\/\/www.qualitel.org\/professionnels\/actualites\/certification-nf-habitat-nf-habitat-hqe-notoriete\/","title":{"rendered":"Certification NF Habitat \u2013 NF Habitat HQE : une notori\u00e9t\u00e9 stable"},"content":{"rendered":"","protected":false},"excerpt":{"rendered":"","protected":false},"author":24,"featured_media":29047,"comment_status":"closed","ping_status":"closed","sticky":false,"template":"","format":"standard","meta":{"_acf_changed":false,"footnotes":""},"tags":[416],"article_type":[368],"class_list":["post-73494","post","type-post","status-publish","format-standard","has-post-thumbnail","hentry","tags-certification","tags-developpement","etiquettes-publication","article_type-actualites"],"acf":[],"yoast_head":"<!-- This site is optimized with the Yoast SEO plugin v26.3 - https:\/\/yoast.com\/wordpress\/plugins\/seo\/ -->\n<title>Certification NF Habitat \u2013 NF Habitat HQE : une notori\u00e9t\u00e9 stable - Qualitel | Professionnels<\/title>\n<meta name=\"description\" content=\"CERQUAL Qualitel Certification a men\u00e9 une enqu\u00eate de notori\u00e9t\u00e9 sur sa marque en novembre dernier, aupr\u00e8s d\u2019un \u00e9chantillon de 1004 personnes, \u00e2g\u00e9es de 25 \u00e0 64 ans.\" \/>\n<meta name=\"robots\" content=\"index, follow, max-snippet:-1, max-image-preview:large, max-video-preview:-1\" \/>\n<link rel=\"canonical\" href=\"https:\/\/www.qualitel.org\/professionnels\/actualites\/certification-nf-habitat-nf-habitat-hqe-notoriete\/\" \/>\n<meta property=\"og:locale\" content=\"fr_FR\" \/>\n<meta property=\"og:type\" content=\"article\" \/>\n<meta property=\"og:title\" content=\"Certification NF Habitat \u2013 NF Habitat HQE : une notori\u00e9t\u00e9 stable - Qualitel | Professionnels\" \/>\n<meta property=\"og:description\" content=\"Afin de prendre le pouls des Fran\u00e7ais vis-\u00e0-vis de la certification NF Habitat \u2013 NF Habitat HQE, l\u2019Association QUALITEL a men\u00e9 une enqu\u00eate de notori\u00e9t\u00e9 en novembre dernier, aupr\u00e8s d\u2019un \u00e9chantillon de 1006 personnes, \u00e2g\u00e9es de 25 \u00e0 64 ans. Cette \u00e9tude, r\u00e9alis\u00e9e par l\u2019Ifop, d\u00e9voile des donn\u00e9es sur la reconnaissance croissante de la certification aupr\u00e8s des Fran\u00e7ais. D\u00e9couvrez les principaux enseignements de l\u2019enqu\u00eate.\" \/>\n<meta property=\"og:url\" content=\"https:\/\/www.qualitel.org\/professionnels\/actualites\/certification-nf-habitat-nf-habitat-hqe-notoriete\/\" \/>\n<meta property=\"og:site_name\" content=\"Qualitel | Professionnels\" \/>\n<meta property=\"article:publisher\" content=\"https:\/\/www.facebook.com\/groupequalitel\/\" \/>\n<meta property=\"article:published_time\" content=\"2025-02-20T12:00:29+00:00\" \/>\n<meta property=\"article:modified_time\" content=\"2025-03-03T15:23:39+00:00\" \/>\n<meta property=\"og:image\" content=\"https:\/\/www.qualitel.org\/professionnels\/wp\/..\/uploads\/NFnotoriete.jpg\" \/>\n\t<meta property=\"og:image:width\" content=\"900\" \/>\n\t<meta property=\"og:image:height\" content=\"513\" \/>\n\t<meta property=\"og:image:type\" content=\"image\/jpeg\" \/>\n<meta name=\"author\" content=\"Julie CARNEZ\" \/>\n<meta name=\"twitter:card\" content=\"summary_large_image\" \/>\n<meta name=\"twitter:description\" content=\"Afin de prendre le pouls des Fran\u00e7ais vis-\u00e0-vis de la certification NF Habitat \u2013 NF Habitat HQE, l\u2019Association QUALITEL a men\u00e9 une enqu\u00eate de notori\u00e9t\u00e9 en novembre dernier, aupr\u00e8s d\u2019un \u00e9chantillon de 1006 personnes, \u00e2g\u00e9es de 25 \u00e0 64 ans. Cette \u00e9tude, r\u00e9alis\u00e9e par l\u2019Ifop, d\u00e9voile des donn\u00e9es sur la reconnaissance croissante de la certification aupr\u00e8s des Fran\u00e7ais. D\u00e9couvrez les principaux enseignements de l\u2019enqu\u00eate.\n\" \/>\n<meta name=\"twitter:creator\" content=\"@groupeQUALITEL\" \/>\n<meta name=\"twitter:site\" content=\"@groupeQUALITEL\" \/>\n<meta name=\"twitter:label1\" content=\"Written by\" \/>\n\t<meta name=\"twitter:data1\" content=\"Julie CARNEZ\" \/>\n\t<meta name=\"twitter:label2\" content=\"Est. reading time\" \/>\n\t<meta name=\"twitter:data2\" content=\"4 minutes\" \/>\n<script type=\"application\/ld+json\" class=\"yoast-schema-graph\">{\"@context\":\"https:\/\/schema.org\",\"@graph\":[{\"@type\":\"Article\",\"@id\":\"https:\/\/www.qualitel.org\/professionnels\/actualites\/certification-nf-habitat-nf-habitat-hqe-notoriete\/#article\",\"isPartOf\":{\"@id\":\"https:\/\/www.qualitel.org\/professionnels\/actualites\/certification-nf-habitat-nf-habitat-hqe-notoriete\/\"},\"author\":{\"name\":\"Julie CARNEZ\",\"@id\":\"https:\/\/www.qualitel.org\/professionnels\/#\/schema\/person\/8da1b40abc7d27162c267baae6ea6b6e\"},\"headline\":\"Certification NF Habitat \u2013 NF Habitat HQE : une notori\u00e9t\u00e9 stable\",\"datePublished\":\"2025-02-20T12:00:29+00:00\",\"dateModified\":\"2025-03-03T15:23:39+00:00\",\"mainEntityOfPage\":{\"@id\":\"https:\/\/www.qualitel.org\/professionnels\/actualites\/certification-nf-habitat-nf-habitat-hqe-notoriete\/\"},\"wordCount\":10,\"publisher\":{\"@id\":\"https:\/\/www.qualitel.org\/professionnels\/#organization\"},\"image\":{\"@id\":\"https:\/\/www.qualitel.org\/professionnels\/actualites\/certification-nf-habitat-nf-habitat-hqe-notoriete\/#primaryimage\"},\"thumbnailUrl\":\"https:\/\/www.qualitel.org\/professionnels\/wp\/..\/uploads\/NFnotoriete.jpg\",\"inLanguage\":\"fr-FR\"},{\"@type\":\"WebPage\",\"@id\":\"https:\/\/www.qualitel.org\/professionnels\/actualites\/certification-nf-habitat-nf-habitat-hqe-notoriete\/\",\"url\":\"https:\/\/www.qualitel.org\/professionnels\/actualites\/certification-nf-habitat-nf-habitat-hqe-notoriete\/\",\"name\":\"Certification NF Habitat \u2013 NF Habitat HQE : une notori\u00e9t\u00e9 stable - Qualitel | Professionnels\",\"isPartOf\":{\"@id\":\"https:\/\/www.qualitel.org\/professionnels\/#website\"},\"primaryImageOfPage\":{\"@id\":\"https:\/\/www.qualitel.org\/professionnels\/actualites\/certification-nf-habitat-nf-habitat-hqe-notoriete\/#primaryimage\"},\"image\":{\"@id\":\"https:\/\/www.qualitel.org\/professionnels\/actualites\/certification-nf-habitat-nf-habitat-hqe-notoriete\/#primaryimage\"},\"thumbnailUrl\":\"https:\/\/www.qualitel.org\/professionnels\/wp\/..\/uploads\/NFnotoriete.jpg\",\"datePublished\":\"2025-02-20T12:00:29+00:00\",\"dateModified\":\"2025-03-03T15:23:39+00:00\",\"description\":\"CERQUAL Qualitel Certification a men\u00e9 une enqu\u00eate de notori\u00e9t\u00e9 sur sa marque en novembre dernier, aupr\u00e8s d\u2019un \u00e9chantillon de 1004 personnes, \u00e2g\u00e9es de 25 \u00e0 64 ans.\",\"breadcrumb\":{\"@id\":\"https:\/\/www.qualitel.org\/professionnels\/actualites\/certification-nf-habitat-nf-habitat-hqe-notoriete\/#breadcrumb\"},\"inLanguage\":\"fr-FR\",\"potentialAction\":[{\"@type\":\"ReadAction\",\"target\":[\"https:\/\/www.qualitel.org\/professionnels\/actualites\/certification-nf-habitat-nf-habitat-hqe-notoriete\/\"]}]},{\"@type\":\"ImageObject\",\"inLanguage\":\"fr-FR\",\"@id\":\"https:\/\/www.qualitel.org\/professionnels\/actualites\/certification-nf-habitat-nf-habitat-hqe-notoriete\/#primaryimage\",\"url\":\"https:\/\/www.qualitel.org\/professionnels\/wp\/..\/uploads\/NFnotoriete.jpg\",\"contentUrl\":\"https:\/\/www.qualitel.org\/professionnels\/wp\/..\/uploads\/NFnotoriete.jpg\",\"width\":900,\"height\":513},{\"@type\":\"BreadcrumbList\",\"@id\":\"https:\/\/www.qualitel.org\/professionnels\/actualites\/certification-nf-habitat-nf-habitat-hqe-notoriete\/#breadcrumb\",\"itemListElement\":[{\"@type\":\"ListItem\",\"position\":1,\"name\":\"Accueil\",\"item\":\"https:\/\/www.qualitel.org\/professionnels\/\"},{\"@type\":\"ListItem\",\"position\":2,\"name\":\"Certification NF Habitat \u2013 NF Habitat HQE : une notori\u00e9t\u00e9 stable\"}]},{\"@type\":\"WebSite\",\"@id\":\"https:\/\/www.qualitel.org\/professionnels\/#website\",\"url\":\"https:\/\/www.qualitel.org\/professionnels\/\",\"name\":\"Qualitel | Professionnels\",\"description\":\"\",\"publisher\":{\"@id\":\"https:\/\/www.qualitel.org\/professionnels\/#organization\"},\"potentialAction\":[{\"@type\":\"SearchAction\",\"target\":{\"@type\":\"EntryPoint\",\"urlTemplate\":\"https:\/\/www.qualitel.org\/professionnels\/?s={search_term_string}\"},\"query-input\":{\"@type\":\"PropertyValueSpecification\",\"valueRequired\":true,\"valueName\":\"search_term_string\"}}],\"inLanguage\":\"fr-FR\"},{\"@type\":\"Organization\",\"@id\":\"https:\/\/www.qualitel.org\/professionnels\/#organization\",\"name\":\"Qualitel\",\"url\":\"https:\/\/www.qualitel.org\/professionnels\/\",\"logo\":{\"@type\":\"ImageObject\",\"inLanguage\":\"fr-FR\",\"@id\":\"https:\/\/www.qualitel.org\/professionnels\/#\/schema\/logo\/image\/\",\"url\":\"https:\/\/www.qualitel.org\/professionnels\/wp\/..\/uploads\/qualitel_social.jpg\",\"contentUrl\":\"https:\/\/www.qualitel.org\/professionnels\/wp\/..\/uploads\/qualitel_social.jpg\",\"width\":1080,\"height\":1080,\"caption\":\"Qualitel\"},\"image\":{\"@id\":\"https:\/\/www.qualitel.org\/professionnels\/#\/schema\/logo\/image\/\"},\"sameAs\":[\"https:\/\/www.facebook.com\/groupequalitel\/\",\"https:\/\/x.com\/groupeQUALITEL\",\"https:\/\/www.instagram.com\/associationqualitel\/\"]},{\"@type\":\"Person\",\"@id\":\"https:\/\/www.qualitel.org\/professionnels\/#\/schema\/person\/8da1b40abc7d27162c267baae6ea6b6e\",\"name\":\"Julie CARNEZ\",\"image\":{\"@type\":\"ImageObject\",\"inLanguage\":\"fr-FR\",\"@id\":\"https:\/\/www.qualitel.org\/professionnels\/#\/schema\/person\/image\/\",\"url\":\"https:\/\/secure.gravatar.com\/avatar\/41fcfdc51e7305fd5b17ead841bd2e1f6a982b0f5ccaf899636b8ccab25ca5b1?s=96&d=mm&r=g\",\"contentUrl\":\"https:\/\/secure.gravatar.com\/avatar\/41fcfdc51e7305fd5b17ead841bd2e1f6a982b0f5ccaf899636b8ccab25ca5b1?s=96&d=mm&r=g\",\"caption\":\"Julie CARNEZ\"}}]}<\/script>\n<!-- \/ Yoast SEO plugin. -->","yoast_head_json":{"title":"Certification NF Habitat \u2013 NF Habitat HQE : une notori\u00e9t\u00e9 stable - Qualitel | Professionnels","description":"CERQUAL Qualitel Certification a men\u00e9 une enqu\u00eate de notori\u00e9t\u00e9 sur sa marque en novembre dernier, aupr\u00e8s d\u2019un \u00e9chantillon de 1004 personnes, \u00e2g\u00e9es de 25 \u00e0 64 ans.","robots":{"index":"index","follow":"follow","max-snippet":"max-snippet:-1","max-image-preview":"max-image-preview:large","max-video-preview":"max-video-preview:-1"},"canonical":"https:\/\/www.qualitel.org\/professionnels\/actualites\/certification-nf-habitat-nf-habitat-hqe-notoriete\/","og_locale":"fr_FR","og_type":"article","og_title":"Certification NF Habitat \u2013 NF Habitat HQE : une notori\u00e9t\u00e9 stable - Qualitel | Professionnels","og_description":"Afin de prendre le pouls des Fran\u00e7ais vis-\u00e0-vis de la certification NF Habitat \u2013 NF Habitat HQE, l\u2019Association QUALITEL a men\u00e9 une enqu\u00eate de notori\u00e9t\u00e9 en novembre dernier, aupr\u00e8s d\u2019un \u00e9chantillon de 1006 personnes, \u00e2g\u00e9es de 25 \u00e0 64 ans. Cette \u00e9tude, r\u00e9alis\u00e9e par l\u2019Ifop, d\u00e9voile des donn\u00e9es sur la reconnaissance croissante de la certification aupr\u00e8s des Fran\u00e7ais. D\u00e9couvrez les principaux enseignements de l\u2019enqu\u00eate.","og_url":"https:\/\/www.qualitel.org\/professionnels\/actualites\/certification-nf-habitat-nf-habitat-hqe-notoriete\/","og_site_name":"Qualitel | Professionnels","article_publisher":"https:\/\/www.facebook.com\/groupequalitel\/","article_published_time":"2025-02-20T12:00:29+00:00","article_modified_time":"2025-03-03T15:23:39+00:00","og_image":[{"width":900,"height":513,"url":"https:\/\/www.qualitel.org\/professionnels\/wp\/..\/uploads\/NFnotoriete.jpg","type":"image\/jpeg"}],"author":"Julie CARNEZ","twitter_card":"summary_large_image","twitter_description":"Afin de prendre le pouls des Fran\u00e7ais vis-\u00e0-vis de la certification NF Habitat \u2013 NF Habitat HQE, l\u2019Association QUALITEL a men\u00e9 une enqu\u00eate de notori\u00e9t\u00e9 en novembre dernier, aupr\u00e8s d\u2019un \u00e9chantillon de 1006 personnes, \u00e2g\u00e9es de 25 \u00e0 64 ans. Cette \u00e9tude, r\u00e9alis\u00e9e par l\u2019Ifop, d\u00e9voile des donn\u00e9es sur la reconnaissance croissante de la certification aupr\u00e8s des Fran\u00e7ais. D\u00e9couvrez les principaux enseignements de l\u2019enqu\u00eate.\n","twitter_creator":"@groupeQUALITEL","twitter_site":"@groupeQUALITEL","twitter_misc":{"Written by":"Julie CARNEZ","Est. reading time":"4 minutes"},"schema":{"@context":"https:\/\/schema.org","@graph":[{"@type":"Article","@id":"https:\/\/www.qualitel.org\/professionnels\/actualites\/certification-nf-habitat-nf-habitat-hqe-notoriete\/#article","isPartOf":{"@id":"https:\/\/www.qualitel.org\/professionnels\/actualites\/certification-nf-habitat-nf-habitat-hqe-notoriete\/"},"author":{"name":"Julie CARNEZ","@id":"https:\/\/www.qualitel.org\/professionnels\/#\/schema\/person\/8da1b40abc7d27162c267baae6ea6b6e"},"headline":"Certification NF Habitat \u2013 NF Habitat HQE : une notori\u00e9t\u00e9 stable","datePublished":"2025-02-20T12:00:29+00:00","dateModified":"2025-03-03T15:23:39+00:00","mainEntityOfPage":{"@id":"https:\/\/www.qualitel.org\/professionnels\/actualites\/certification-nf-habitat-nf-habitat-hqe-notoriete\/"},"wordCount":10,"publisher":{"@id":"https:\/\/www.qualitel.org\/professionnels\/#organization"},"image":{"@id":"https:\/\/www.qualitel.org\/professionnels\/actualites\/certification-nf-habitat-nf-habitat-hqe-notoriete\/#primaryimage"},"thumbnailUrl":"https:\/\/www.qualitel.org\/professionnels\/wp\/..\/uploads\/NFnotoriete.jpg","inLanguage":"fr-FR"},{"@type":"WebPage","@id":"https:\/\/www.qualitel.org\/professionnels\/actualites\/certification-nf-habitat-nf-habitat-hqe-notoriete\/","url":"https:\/\/www.qualitel.org\/professionnels\/actualites\/certification-nf-habitat-nf-habitat-hqe-notoriete\/","name":"Certification NF Habitat \u2013 NF Habitat HQE : une notori\u00e9t\u00e9 stable - Qualitel | Professionnels","isPartOf":{"@id":"https:\/\/www.qualitel.org\/professionnels\/#website"},"primaryImageOfPage":{"@id":"https:\/\/www.qualitel.org\/professionnels\/actualites\/certification-nf-habitat-nf-habitat-hqe-notoriete\/#primaryimage"},"image":{"@id":"https:\/\/www.qualitel.org\/professionnels\/actualites\/certification-nf-habitat-nf-habitat-hqe-notoriete\/#primaryimage"},"thumbnailUrl":"https:\/\/www.qualitel.org\/professionnels\/wp\/..\/uploads\/NFnotoriete.jpg","datePublished":"2025-02-20T12:00:29+00:00","dateModified":"2025-03-03T15:23:39+00:00","description":"CERQUAL Qualitel Certification a men\u00e9 une enqu\u00eate de notori\u00e9t\u00e9 sur sa marque en novembre dernier, aupr\u00e8s d\u2019un \u00e9chantillon de 1004 personnes, \u00e2g\u00e9es de 25 \u00e0 64 ans.","breadcrumb":{"@id":"https:\/\/www.qualitel.org\/professionnels\/actualites\/certification-nf-habitat-nf-habitat-hqe-notoriete\/#breadcrumb"},"inLanguage":"fr-FR","potentialAction":[{"@type":"ReadAction","target":["https:\/\/www.qualitel.org\/professionnels\/actualites\/certification-nf-habitat-nf-habitat-hqe-notoriete\/"]}]},{"@type":"ImageObject","inLanguage":"fr-FR","@id":"https:\/\/www.qualitel.org\/professionnels\/actualites\/certification-nf-habitat-nf-habitat-hqe-notoriete\/#primaryimage","url":"https:\/\/www.qualitel.org\/professionnels\/wp\/..\/uploads\/NFnotoriete.jpg","contentUrl":"https:\/\/www.qualitel.org\/professionnels\/wp\/..\/uploads\/NFnotoriete.jpg","width":900,"height":513},{"@type":"BreadcrumbList","@id":"https:\/\/www.qualitel.org\/professionnels\/actualites\/certification-nf-habitat-nf-habitat-hqe-notoriete\/#breadcrumb","itemListElement":[{"@type":"ListItem","position":1,"name":"Accueil","item":"https:\/\/www.qualitel.org\/professionnels\/"},{"@type":"ListItem","position":2,"name":"Certification NF Habitat \u2013 NF Habitat HQE : une notori\u00e9t\u00e9 stable"}]},{"@type":"WebSite","@id":"https:\/\/www.qualitel.org\/professionnels\/#website","url":"https:\/\/www.qualitel.org\/professionnels\/","name":"Qualitel | Professionnels","description":"","publisher":{"@id":"https:\/\/www.qualitel.org\/professionnels\/#organization"},"potentialAction":[{"@type":"SearchAction","target":{"@type":"EntryPoint","urlTemplate":"https:\/\/www.qualitel.org\/professionnels\/?s={search_term_string}"},"query-input":{"@type":"PropertyValueSpecification","valueRequired":true,"valueName":"search_term_string"}}],"inLanguage":"fr-FR"},{"@type":"Organization","@id":"https:\/\/www.qualitel.org\/professionnels\/#organization","name":"Qualitel","url":"https:\/\/www.qualitel.org\/professionnels\/","logo":{"@type":"ImageObject","inLanguage":"fr-FR","@id":"https:\/\/www.qualitel.org\/professionnels\/#\/schema\/logo\/image\/","url":"https:\/\/www.qualitel.org\/professionnels\/wp\/..\/uploads\/qualitel_social.jpg","contentUrl":"https:\/\/www.qualitel.org\/professionnels\/wp\/..\/uploads\/qualitel_social.jpg","width":1080,"height":1080,"caption":"Qualitel"},"image":{"@id":"https:\/\/www.qualitel.org\/professionnels\/#\/schema\/logo\/image\/"},"sameAs":["https:\/\/www.facebook.com\/groupequalitel\/","https:\/\/x.com\/groupeQUALITEL","https:\/\/www.instagram.com\/associationqualitel\/"]},{"@type":"Person","@id":"https:\/\/www.qualitel.org\/professionnels\/#\/schema\/person\/8da1b40abc7d27162c267baae6ea6b6e","name":"Julie CARNEZ","image":{"@type":"ImageObject","inLanguage":"fr-FR","@id":"https:\/\/www.qualitel.org\/professionnels\/#\/schema\/person\/image\/","url":"https:\/\/secure.gravatar.com\/avatar\/41fcfdc51e7305fd5b17ead841bd2e1f6a982b0f5ccaf899636b8ccab25ca5b1?s=96&d=mm&r=g","contentUrl":"https:\/\/secure.gravatar.com\/avatar\/41fcfdc51e7305fd5b17ead841bd2e1f6a982b0f5ccaf899636b8ccab25ca5b1?s=96&d=mm&r=g","caption":"Julie CARNEZ"}}]}},"_links":{"self":[{"href":"https:\/\/www.qualitel.org\/professionnels\/wp-json\/wp\/v2\/posts\/73494","targetHints":{"allow":["GET"]}}],"collection":[{"href":"https:\/\/www.qualitel.org\/professionnels\/wp-json\/wp\/v2\/posts"}],"about":[{"href":"https:\/\/www.qualitel.org\/professionnels\/wp-json\/wp\/v2\/types\/post"}],"author":[{"embeddable":true,"href":"https:\/\/www.qualitel.org\/professionnels\/wp-json\/wp\/v2\/users\/24"}],"replies":[{"embeddable":true,"href":"https:\/\/www.qualitel.org\/professionnels\/wp-json\/wp\/v2\/comments?post=73494"}],"version-history":[{"count":23,"href":"https:\/\/www.qualitel.org\/professionnels\/wp-json\/wp\/v2\/posts\/73494\/revisions"}],"predecessor-version":[{"id":103728,"href":"https:\/\/www.qualitel.org\/professionnels\/wp-json\/wp\/v2\/posts\/73494\/revisions\/103728"}],"wp:featuredmedia":[{"embeddable":true,"href":"https:\/\/www.qualitel.org\/professionnels\/wp-json\/wp\/v2\/media\/29047"}],"wp:attachment":[{"href":"https:\/\/www.qualitel.org\/professionnels\/wp-json\/wp\/v2\/media?parent=73494"}],"wp:term":[{"taxonomy":"tags","embeddable":true,"href":"https:\/\/www.qualitel.org\/professionnels\/wp-json\/wp\/v2\/tags?post=73494"},{"taxonomy":"etiquettes","embeddable":true,"href":"https:\/\/www.qualitel.org\/professionnels\/wp-json\/wp\/v2\/tags?post=73494"},{"taxonomy":"article_type","embeddable":true,"href":"https:\/\/www.qualitel.org\/professionnels\/wp-json\/wp\/v2\/article_type?post=73494"}],"curies":[{"name":"wp","href":"https:\/\/api.w.org\/{rel}","templated":true}]}}