{"id":73742,"date":"2024-04-11T17:02:29","date_gmt":"2024-04-11T15:02:29","guid":{"rendered":"https:\/\/www.qualitel.org\/professionnels\/?p=73742"},"modified":"2025-10-10T17:13:07","modified_gmt":"2025-10-10T15:13:07","slug":"saviez-vous-que-la-zan-zero-artificialisation-nette-issu-de-la-loi-climat-et-resilience-devient-lun-des-enjeux-majeurs-du-secteur","status":"publish","type":"post","link":"https:\/\/www.qualitel.org\/professionnels\/actualites\/saviez-vous-que-la-zan-zero-artificialisation-nette-issu-de-la-loi-climat-et-resilience-devient-lun-des-enjeux-majeurs-du-secteur\/","title":{"rendered":"Saviez-vous que la ZAN (z\u00e9ro artificialisation nette) issue de la loi climat et r\u00e9silience devient l\u2019un des enjeux majeurs du secteur ?"},"content":{"rendered":"","protected":false},"excerpt":{"rendered":"","protected":false},"author":24,"featured_media":73746,"comment_status":"closed","ping_status":"closed","sticky":false,"template":"","format":"standard","meta":{"_acf_changed":false,"footnotes":""},"tags":[392],"article_type":[368],"class_list":["post-73742","post","type-post","status-publish","format-standard","has-post-thumbnail","hentry","tags-developpement","tags-formation","etiquettes-breves","article_type-actualites"],"acf":[],"yoast_head":"<!-- This site is optimized with the Yoast SEO plugin v26.3 - https:\/\/yoast.com\/wordpress\/plugins\/seo\/ -->\n<title>Saviez-vous que la ZAN (z\u00e9ro artificialisation nette) issue de la loi climat et r\u00e9silience devient l\u2019un des enjeux majeurs du secteur ? - Qualitel | Professionnels<\/title>\n<meta name=\"description\" content=\"La Loi Climat et R\u00e9silience fixe un objectif clair\u00a0: r\u00e9duire d&#039;au moins 40\u00a0% les \u00e9missions de gaz \u00e0 effet de serre d&#039;ici 2030 dans divers secteurs tels que le logement. Au c\u0153ur de cette l\u00e9gislation, la Z\u00e9ro Artificialisation Nette (ZAN) se profile comme une \u00e9tape cruciale vers un avenir plus durable. L&#039;artificialisation des terres, responsable de la perte de biodiversit\u00e9, du r\u00e9chauffement climatique, de la pollution et de l&#039;accentuation des risques d&#039;inondations, constitue l&#039;un des principaux d\u00e9fis \u00e0 relever dans cette d\u00e9marche.\" \/>\n<meta name=\"robots\" content=\"index, follow, max-snippet:-1, max-image-preview:large, max-video-preview:-1\" \/>\n<link rel=\"canonical\" href=\"https:\/\/www.qualitel.org\/professionnels\/actualites\/saviez-vous-que-la-zan-zero-artificialisation-nette-issu-de-la-loi-climat-et-resilience-devient-lun-des-enjeux-majeurs-du-secteur\/\" \/>\n<meta property=\"og:locale\" content=\"fr_FR\" \/>\n<meta property=\"og:type\" content=\"article\" \/>\n<meta property=\"og:title\" content=\"Saviez-vous que la ZAN (z\u00e9ro artificialisation nette) issue de la loi climat et r\u00e9silience devient l\u2019un des enjeux majeurs du secteur ? - Qualitel | Professionnels\" \/>\n<meta property=\"og:description\" content=\"La Loi Climat et R\u00e9silience fixe un objectif clair\u00a0: r\u00e9duire d&rsquo;au moins 40\u00a0% les \u00e9missions de gaz \u00e0 effet de serre d&rsquo;ici 2030 dans divers secteurs tels que le logement. Au c\u0153ur de cette l\u00e9gislation, la Z\u00e9ro Artificialisation Nette (ZAN) se profile comme une \u00e9tape cruciale vers un avenir plus durable. L&rsquo;artificialisation des terres, responsable de la perte de biodiversit\u00e9, du r\u00e9chauffement climatique, de la pollution et de l&rsquo;accentuation des risques d&rsquo;inondations, constitue l&rsquo;un des principaux d\u00e9fis \u00e0 relever dans cette d\u00e9marche.\" \/>\n<meta property=\"og:url\" content=\"https:\/\/www.qualitel.org\/professionnels\/actualites\/saviez-vous-que-la-zan-zero-artificialisation-nette-issu-de-la-loi-climat-et-resilience-devient-lun-des-enjeux-majeurs-du-secteur\/\" \/>\n<meta property=\"og:site_name\" content=\"Qualitel | Professionnels\" \/>\n<meta property=\"article:publisher\" content=\"https:\/\/www.facebook.com\/groupequalitel\/\" \/>\n<meta property=\"article:published_time\" content=\"2024-04-11T15:02:29+00:00\" \/>\n<meta property=\"article:modified_time\" content=\"2025-10-10T15:13:07+00:00\" \/>\n<meta property=\"og:image\" content=\"https:\/\/www.qualitel.org\/professionnels\/wp\/..\/uploads\/ZAN.jpg\" \/>\n\t<meta property=\"og:image:width\" content=\"900\" \/>\n\t<meta property=\"og:image:height\" content=\"513\" \/>\n\t<meta property=\"og:image:type\" content=\"image\/jpeg\" \/>\n<meta name=\"author\" content=\"Julie CARNEZ\" \/>\n<meta name=\"twitter:card\" content=\"summary_large_image\" \/>\n<meta name=\"twitter:description\" content=\"La Loi Climat et R\u00e9silience fixe un objectif clair\u00a0: r\u00e9duire d&rsquo;au moins 40\u00a0% les \u00e9missions de gaz \u00e0 effet de serre d&rsquo;ici 2030 dans divers secteurs tels que le logement. Au c\u0153ur de cette l\u00e9gislation, la Z\u00e9ro Artificialisation Nette (ZAN) se profile comme une \u00e9tape cruciale vers un avenir plus durable. L&rsquo;artificialisation des terres, responsable de la perte de biodiversit\u00e9, du r\u00e9chauffement climatique, de la pollution et de l&rsquo;accentuation des risques d&rsquo;inondations, constitue l&rsquo;un des principaux d\u00e9fis \u00e0 relever dans cette d\u00e9marche.\n\" \/>\n<meta name=\"twitter:creator\" content=\"@groupeQUALITEL\" \/>\n<meta name=\"twitter:site\" content=\"@groupeQUALITEL\" \/>\n<meta name=\"twitter:label1\" content=\"Written by\" \/>\n\t<meta name=\"twitter:data1\" content=\"Julie CARNEZ\" \/>\n\t<meta name=\"twitter:label2\" content=\"Est. reading time\" \/>\n\t<meta name=\"twitter:data2\" content=\"2 minutes\" \/>\n<script type=\"application\/ld+json\" class=\"yoast-schema-graph\">{\"@context\":\"https:\/\/schema.org\",\"@graph\":[{\"@type\":\"Article\",\"@id\":\"https:\/\/www.qualitel.org\/professionnels\/actualites\/saviez-vous-que-la-zan-zero-artificialisation-nette-issu-de-la-loi-climat-et-resilience-devient-lun-des-enjeux-majeurs-du-secteur\/#article\",\"isPartOf\":{\"@id\":\"https:\/\/www.qualitel.org\/professionnels\/actualites\/saviez-vous-que-la-zan-zero-artificialisation-nette-issu-de-la-loi-climat-et-resilience-devient-lun-des-enjeux-majeurs-du-secteur\/\"},\"author\":{\"name\":\"Julie CARNEZ\",\"@id\":\"https:\/\/www.qualitel.org\/professionnels\/#\/schema\/person\/8da1b40abc7d27162c267baae6ea6b6e\"},\"headline\":\"Saviez-vous que la ZAN (z\u00e9ro artificialisation nette) issue de la loi climat et r\u00e9silience devient l\u2019un des enjeux majeurs du secteur ?\",\"datePublished\":\"2024-04-11T15:02:29+00:00\",\"dateModified\":\"2025-10-10T15:13:07+00:00\",\"mainEntityOfPage\":{\"@id\":\"https:\/\/www.qualitel.org\/professionnels\/actualites\/saviez-vous-que-la-zan-zero-artificialisation-nette-issu-de-la-loi-climat-et-resilience-devient-lun-des-enjeux-majeurs-du-secteur\/\"},\"wordCount\":24,\"publisher\":{\"@id\":\"https:\/\/www.qualitel.org\/professionnels\/#organization\"},\"image\":{\"@id\":\"https:\/\/www.qualitel.org\/professionnels\/actualites\/saviez-vous-que-la-zan-zero-artificialisation-nette-issu-de-la-loi-climat-et-resilience-devient-lun-des-enjeux-majeurs-du-secteur\/#primaryimage\"},\"thumbnailUrl\":\"https:\/\/www.qualitel.org\/professionnels\/wp\/..\/uploads\/ZAN.jpg\",\"inLanguage\":\"fr-FR\"},{\"@type\":\"WebPage\",\"@id\":\"https:\/\/www.qualitel.org\/professionnels\/actualites\/saviez-vous-que-la-zan-zero-artificialisation-nette-issu-de-la-loi-climat-et-resilience-devient-lun-des-enjeux-majeurs-du-secteur\/\",\"url\":\"https:\/\/www.qualitel.org\/professionnels\/actualites\/saviez-vous-que-la-zan-zero-artificialisation-nette-issu-de-la-loi-climat-et-resilience-devient-lun-des-enjeux-majeurs-du-secteur\/\",\"name\":\"Saviez-vous que la ZAN (z\u00e9ro artificialisation nette) issue de la loi climat et r\u00e9silience devient l\u2019un des enjeux majeurs du secteur ? - Qualitel | Professionnels\",\"isPartOf\":{\"@id\":\"https:\/\/www.qualitel.org\/professionnels\/#website\"},\"primaryImageOfPage\":{\"@id\":\"https:\/\/www.qualitel.org\/professionnels\/actualites\/saviez-vous-que-la-zan-zero-artificialisation-nette-issu-de-la-loi-climat-et-resilience-devient-lun-des-enjeux-majeurs-du-secteur\/#primaryimage\"},\"image\":{\"@id\":\"https:\/\/www.qualitel.org\/professionnels\/actualites\/saviez-vous-que-la-zan-zero-artificialisation-nette-issu-de-la-loi-climat-et-resilience-devient-lun-des-enjeux-majeurs-du-secteur\/#primaryimage\"},\"thumbnailUrl\":\"https:\/\/www.qualitel.org\/professionnels\/wp\/..\/uploads\/ZAN.jpg\",\"datePublished\":\"2024-04-11T15:02:29+00:00\",\"dateModified\":\"2025-10-10T15:13:07+00:00\",\"description\":\"La Loi Climat et R\u00e9silience fixe un objectif clair\u00a0: r\u00e9duire d'au moins 40\u00a0% les \u00e9missions de gaz \u00e0 effet de serre d'ici 2030 dans divers secteurs tels que le logement. Au c\u0153ur de cette l\u00e9gislation, la Z\u00e9ro Artificialisation Nette (ZAN) se profile comme une \u00e9tape cruciale vers un avenir plus durable. L'artificialisation des terres, responsable de la perte de biodiversit\u00e9, du r\u00e9chauffement climatique, de la pollution et de l'accentuation des risques d'inondations, constitue l'un des principaux d\u00e9fis \u00e0 relever dans cette d\u00e9marche.\",\"breadcrumb\":{\"@id\":\"https:\/\/www.qualitel.org\/professionnels\/actualites\/saviez-vous-que-la-zan-zero-artificialisation-nette-issu-de-la-loi-climat-et-resilience-devient-lun-des-enjeux-majeurs-du-secteur\/#breadcrumb\"},\"inLanguage\":\"fr-FR\",\"potentialAction\":[{\"@type\":\"ReadAction\",\"target\":[\"https:\/\/www.qualitel.org\/professionnels\/actualites\/saviez-vous-que-la-zan-zero-artificialisation-nette-issu-de-la-loi-climat-et-resilience-devient-lun-des-enjeux-majeurs-du-secteur\/\"]}]},{\"@type\":\"ImageObject\",\"inLanguage\":\"fr-FR\",\"@id\":\"https:\/\/www.qualitel.org\/professionnels\/actualites\/saviez-vous-que-la-zan-zero-artificialisation-nette-issu-de-la-loi-climat-et-resilience-devient-lun-des-enjeux-majeurs-du-secteur\/#primaryimage\",\"url\":\"https:\/\/www.qualitel.org\/professionnels\/wp\/..\/uploads\/ZAN.jpg\",\"contentUrl\":\"https:\/\/www.qualitel.org\/professionnels\/wp\/..\/uploads\/ZAN.jpg\",\"width\":900,\"height\":513},{\"@type\":\"BreadcrumbList\",\"@id\":\"https:\/\/www.qualitel.org\/professionnels\/actualites\/saviez-vous-que-la-zan-zero-artificialisation-nette-issu-de-la-loi-climat-et-resilience-devient-lun-des-enjeux-majeurs-du-secteur\/#breadcrumb\",\"itemListElement\":[{\"@type\":\"ListItem\",\"position\":1,\"name\":\"Accueil\",\"item\":\"https:\/\/www.qualitel.org\/professionnels\/\"},{\"@type\":\"ListItem\",\"position\":2,\"name\":\"Saviez-vous que la ZAN (z\u00e9ro artificialisation nette) issue de la loi climat et r\u00e9silience devient l\u2019un des enjeux majeurs du secteur ?\"}]},{\"@type\":\"WebSite\",\"@id\":\"https:\/\/www.qualitel.org\/professionnels\/#website\",\"url\":\"https:\/\/www.qualitel.org\/professionnels\/\",\"name\":\"Qualitel | Professionnels\",\"description\":\"\",\"publisher\":{\"@id\":\"https:\/\/www.qualitel.org\/professionnels\/#organization\"},\"potentialAction\":[{\"@type\":\"SearchAction\",\"target\":{\"@type\":\"EntryPoint\",\"urlTemplate\":\"https:\/\/www.qualitel.org\/professionnels\/?s={search_term_string}\"},\"query-input\":{\"@type\":\"PropertyValueSpecification\",\"valueRequired\":true,\"valueName\":\"search_term_string\"}}],\"inLanguage\":\"fr-FR\"},{\"@type\":\"Organization\",\"@id\":\"https:\/\/www.qualitel.org\/professionnels\/#organization\",\"name\":\"Qualitel\",\"url\":\"https:\/\/www.qualitel.org\/professionnels\/\",\"logo\":{\"@type\":\"ImageObject\",\"inLanguage\":\"fr-FR\",\"@id\":\"https:\/\/www.qualitel.org\/professionnels\/#\/schema\/logo\/image\/\",\"url\":\"https:\/\/www.qualitel.org\/professionnels\/wp\/..\/uploads\/qualitel_social.jpg\",\"contentUrl\":\"https:\/\/www.qualitel.org\/professionnels\/wp\/..\/uploads\/qualitel_social.jpg\",\"width\":1080,\"height\":1080,\"caption\":\"Qualitel\"},\"image\":{\"@id\":\"https:\/\/www.qualitel.org\/professionnels\/#\/schema\/logo\/image\/\"},\"sameAs\":[\"https:\/\/www.facebook.com\/groupequalitel\/\",\"https:\/\/x.com\/groupeQUALITEL\",\"https:\/\/www.instagram.com\/associationqualitel\/\"]},{\"@type\":\"Person\",\"@id\":\"https:\/\/www.qualitel.org\/professionnels\/#\/schema\/person\/8da1b40abc7d27162c267baae6ea6b6e\",\"name\":\"Julie CARNEZ\",\"image\":{\"@type\":\"ImageObject\",\"inLanguage\":\"fr-FR\",\"@id\":\"https:\/\/www.qualitel.org\/professionnels\/#\/schema\/person\/image\/\",\"url\":\"https:\/\/secure.gravatar.com\/avatar\/41fcfdc51e7305fd5b17ead841bd2e1f6a982b0f5ccaf899636b8ccab25ca5b1?s=96&d=mm&r=g\",\"contentUrl\":\"https:\/\/secure.gravatar.com\/avatar\/41fcfdc51e7305fd5b17ead841bd2e1f6a982b0f5ccaf899636b8ccab25ca5b1?s=96&d=mm&r=g\",\"caption\":\"Julie CARNEZ\"}}]}<\/script>\n<!-- \/ Yoast SEO plugin. -->","yoast_head_json":{"title":"Saviez-vous que la ZAN (z\u00e9ro artificialisation nette) issue de la loi climat et r\u00e9silience devient l\u2019un des enjeux majeurs du secteur ? - Qualitel | Professionnels","description":"La Loi Climat et R\u00e9silience fixe un objectif clair\u00a0: r\u00e9duire d'au moins 40\u00a0% les \u00e9missions de gaz \u00e0 effet de serre d'ici 2030 dans divers secteurs tels que le logement. Au c\u0153ur de cette l\u00e9gislation, la Z\u00e9ro Artificialisation Nette (ZAN) se profile comme une \u00e9tape cruciale vers un avenir plus durable. L'artificialisation des terres, responsable de la perte de biodiversit\u00e9, du r\u00e9chauffement climatique, de la pollution et de l'accentuation des risques d'inondations, constitue l'un des principaux d\u00e9fis \u00e0 relever dans cette d\u00e9marche.","robots":{"index":"index","follow":"follow","max-snippet":"max-snippet:-1","max-image-preview":"max-image-preview:large","max-video-preview":"max-video-preview:-1"},"canonical":"https:\/\/www.qualitel.org\/professionnels\/actualites\/saviez-vous-que-la-zan-zero-artificialisation-nette-issu-de-la-loi-climat-et-resilience-devient-lun-des-enjeux-majeurs-du-secteur\/","og_locale":"fr_FR","og_type":"article","og_title":"Saviez-vous que la ZAN (z\u00e9ro artificialisation nette) issue de la loi climat et r\u00e9silience devient l\u2019un des enjeux majeurs du secteur ? - Qualitel | Professionnels","og_description":"La Loi Climat et R\u00e9silience fixe un objectif clair\u00a0: r\u00e9duire d&rsquo;au moins 40\u00a0% les \u00e9missions de gaz \u00e0 effet de serre d&rsquo;ici 2030 dans divers secteurs tels que le logement. Au c\u0153ur de cette l\u00e9gislation, la Z\u00e9ro Artificialisation Nette (ZAN) se profile comme une \u00e9tape cruciale vers un avenir plus durable. L&rsquo;artificialisation des terres, responsable de la perte de biodiversit\u00e9, du r\u00e9chauffement climatique, de la pollution et de l&rsquo;accentuation des risques d&rsquo;inondations, constitue l&rsquo;un des principaux d\u00e9fis \u00e0 relever dans cette d\u00e9marche.","og_url":"https:\/\/www.qualitel.org\/professionnels\/actualites\/saviez-vous-que-la-zan-zero-artificialisation-nette-issu-de-la-loi-climat-et-resilience-devient-lun-des-enjeux-majeurs-du-secteur\/","og_site_name":"Qualitel | Professionnels","article_publisher":"https:\/\/www.facebook.com\/groupequalitel\/","article_published_time":"2024-04-11T15:02:29+00:00","article_modified_time":"2025-10-10T15:13:07+00:00","og_image":[{"width":900,"height":513,"url":"https:\/\/www.qualitel.org\/professionnels\/wp\/..\/uploads\/ZAN.jpg","type":"image\/jpeg"}],"author":"Julie CARNEZ","twitter_card":"summary_large_image","twitter_description":"La Loi Climat et R\u00e9silience fixe un objectif clair\u00a0: r\u00e9duire d&rsquo;au moins 40\u00a0% les \u00e9missions de gaz \u00e0 effet de serre d&rsquo;ici 2030 dans divers secteurs tels que le logement. Au c\u0153ur de cette l\u00e9gislation, la Z\u00e9ro Artificialisation Nette (ZAN) se profile comme une \u00e9tape cruciale vers un avenir plus durable. L&rsquo;artificialisation des terres, responsable de la perte de biodiversit\u00e9, du r\u00e9chauffement climatique, de la pollution et de l&rsquo;accentuation des risques d&rsquo;inondations, constitue l&rsquo;un des principaux d\u00e9fis \u00e0 relever dans cette d\u00e9marche.\n","twitter_creator":"@groupeQUALITEL","twitter_site":"@groupeQUALITEL","twitter_misc":{"Written by":"Julie CARNEZ","Est. reading time":"2 minutes"},"schema":{"@context":"https:\/\/schema.org","@graph":[{"@type":"Article","@id":"https:\/\/www.qualitel.org\/professionnels\/actualites\/saviez-vous-que-la-zan-zero-artificialisation-nette-issu-de-la-loi-climat-et-resilience-devient-lun-des-enjeux-majeurs-du-secteur\/#article","isPartOf":{"@id":"https:\/\/www.qualitel.org\/professionnels\/actualites\/saviez-vous-que-la-zan-zero-artificialisation-nette-issu-de-la-loi-climat-et-resilience-devient-lun-des-enjeux-majeurs-du-secteur\/"},"author":{"name":"Julie CARNEZ","@id":"https:\/\/www.qualitel.org\/professionnels\/#\/schema\/person\/8da1b40abc7d27162c267baae6ea6b6e"},"headline":"Saviez-vous que la ZAN (z\u00e9ro artificialisation nette) issue de la loi climat et r\u00e9silience devient l\u2019un des enjeux majeurs du secteur ?","datePublished":"2024-04-11T15:02:29+00:00","dateModified":"2025-10-10T15:13:07+00:00","mainEntityOfPage":{"@id":"https:\/\/www.qualitel.org\/professionnels\/actualites\/saviez-vous-que-la-zan-zero-artificialisation-nette-issu-de-la-loi-climat-et-resilience-devient-lun-des-enjeux-majeurs-du-secteur\/"},"wordCount":24,"publisher":{"@id":"https:\/\/www.qualitel.org\/professionnels\/#organization"},"image":{"@id":"https:\/\/www.qualitel.org\/professionnels\/actualites\/saviez-vous-que-la-zan-zero-artificialisation-nette-issu-de-la-loi-climat-et-resilience-devient-lun-des-enjeux-majeurs-du-secteur\/#primaryimage"},"thumbnailUrl":"https:\/\/www.qualitel.org\/professionnels\/wp\/..\/uploads\/ZAN.jpg","inLanguage":"fr-FR"},{"@type":"WebPage","@id":"https:\/\/www.qualitel.org\/professionnels\/actualites\/saviez-vous-que-la-zan-zero-artificialisation-nette-issu-de-la-loi-climat-et-resilience-devient-lun-des-enjeux-majeurs-du-secteur\/","url":"https:\/\/www.qualitel.org\/professionnels\/actualites\/saviez-vous-que-la-zan-zero-artificialisation-nette-issu-de-la-loi-climat-et-resilience-devient-lun-des-enjeux-majeurs-du-secteur\/","name":"Saviez-vous que la ZAN (z\u00e9ro artificialisation nette) issue de la loi climat et r\u00e9silience devient l\u2019un des enjeux majeurs du secteur ? - Qualitel | Professionnels","isPartOf":{"@id":"https:\/\/www.qualitel.org\/professionnels\/#website"},"primaryImageOfPage":{"@id":"https:\/\/www.qualitel.org\/professionnels\/actualites\/saviez-vous-que-la-zan-zero-artificialisation-nette-issu-de-la-loi-climat-et-resilience-devient-lun-des-enjeux-majeurs-du-secteur\/#primaryimage"},"image":{"@id":"https:\/\/www.qualitel.org\/professionnels\/actualites\/saviez-vous-que-la-zan-zero-artificialisation-nette-issu-de-la-loi-climat-et-resilience-devient-lun-des-enjeux-majeurs-du-secteur\/#primaryimage"},"thumbnailUrl":"https:\/\/www.qualitel.org\/professionnels\/wp\/..\/uploads\/ZAN.jpg","datePublished":"2024-04-11T15:02:29+00:00","dateModified":"2025-10-10T15:13:07+00:00","description":"La Loi Climat et R\u00e9silience fixe un objectif clair\u00a0: r\u00e9duire d'au moins 40\u00a0% les \u00e9missions de gaz \u00e0 effet de serre d'ici 2030 dans divers secteurs tels que le logement. Au c\u0153ur de cette l\u00e9gislation, la Z\u00e9ro Artificialisation Nette (ZAN) se profile comme une \u00e9tape cruciale vers un avenir plus durable. L'artificialisation des terres, responsable de la perte de biodiversit\u00e9, du r\u00e9chauffement climatique, de la pollution et de l'accentuation des risques d'inondations, constitue l'un des principaux d\u00e9fis \u00e0 relever dans cette d\u00e9marche.","breadcrumb":{"@id":"https:\/\/www.qualitel.org\/professionnels\/actualites\/saviez-vous-que-la-zan-zero-artificialisation-nette-issu-de-la-loi-climat-et-resilience-devient-lun-des-enjeux-majeurs-du-secteur\/#breadcrumb"},"inLanguage":"fr-FR","potentialAction":[{"@type":"ReadAction","target":["https:\/\/www.qualitel.org\/professionnels\/actualites\/saviez-vous-que-la-zan-zero-artificialisation-nette-issu-de-la-loi-climat-et-resilience-devient-lun-des-enjeux-majeurs-du-secteur\/"]}]},{"@type":"ImageObject","inLanguage":"fr-FR","@id":"https:\/\/www.qualitel.org\/professionnels\/actualites\/saviez-vous-que-la-zan-zero-artificialisation-nette-issu-de-la-loi-climat-et-resilience-devient-lun-des-enjeux-majeurs-du-secteur\/#primaryimage","url":"https:\/\/www.qualitel.org\/professionnels\/wp\/..\/uploads\/ZAN.jpg","contentUrl":"https:\/\/www.qualitel.org\/professionnels\/wp\/..\/uploads\/ZAN.jpg","width":900,"height":513},{"@type":"BreadcrumbList","@id":"https:\/\/www.qualitel.org\/professionnels\/actualites\/saviez-vous-que-la-zan-zero-artificialisation-nette-issu-de-la-loi-climat-et-resilience-devient-lun-des-enjeux-majeurs-du-secteur\/#breadcrumb","itemListElement":[{"@type":"ListItem","position":1,"name":"Accueil","item":"https:\/\/www.qualitel.org\/professionnels\/"},{"@type":"ListItem","position":2,"name":"Saviez-vous que la ZAN (z\u00e9ro artificialisation nette) issue de la loi climat et r\u00e9silience devient l\u2019un des enjeux majeurs du secteur ?"}]},{"@type":"WebSite","@id":"https:\/\/www.qualitel.org\/professionnels\/#website","url":"https:\/\/www.qualitel.org\/professionnels\/","name":"Qualitel | Professionnels","description":"","publisher":{"@id":"https:\/\/www.qualitel.org\/professionnels\/#organization"},"potentialAction":[{"@type":"SearchAction","target":{"@type":"EntryPoint","urlTemplate":"https:\/\/www.qualitel.org\/professionnels\/?s={search_term_string}"},"query-input":{"@type":"PropertyValueSpecification","valueRequired":true,"valueName":"search_term_string"}}],"inLanguage":"fr-FR"},{"@type":"Organization","@id":"https:\/\/www.qualitel.org\/professionnels\/#organization","name":"Qualitel","url":"https:\/\/www.qualitel.org\/professionnels\/","logo":{"@type":"ImageObject","inLanguage":"fr-FR","@id":"https:\/\/www.qualitel.org\/professionnels\/#\/schema\/logo\/image\/","url":"https:\/\/www.qualitel.org\/professionnels\/wp\/..\/uploads\/qualitel_social.jpg","contentUrl":"https:\/\/www.qualitel.org\/professionnels\/wp\/..\/uploads\/qualitel_social.jpg","width":1080,"height":1080,"caption":"Qualitel"},"image":{"@id":"https:\/\/www.qualitel.org\/professionnels\/#\/schema\/logo\/image\/"},"sameAs":["https:\/\/www.facebook.com\/groupequalitel\/","https:\/\/x.com\/groupeQUALITEL","https:\/\/www.instagram.com\/associationqualitel\/"]},{"@type":"Person","@id":"https:\/\/www.qualitel.org\/professionnels\/#\/schema\/person\/8da1b40abc7d27162c267baae6ea6b6e","name":"Julie CARNEZ","image":{"@type":"ImageObject","inLanguage":"fr-FR","@id":"https:\/\/www.qualitel.org\/professionnels\/#\/schema\/person\/image\/","url":"https:\/\/secure.gravatar.com\/avatar\/41fcfdc51e7305fd5b17ead841bd2e1f6a982b0f5ccaf899636b8ccab25ca5b1?s=96&d=mm&r=g","contentUrl":"https:\/\/secure.gravatar.com\/avatar\/41fcfdc51e7305fd5b17ead841bd2e1f6a982b0f5ccaf899636b8ccab25ca5b1?s=96&d=mm&r=g","caption":"Julie CARNEZ"}}]}},"_links":{"self":[{"href":"https:\/\/www.qualitel.org\/professionnels\/wp-json\/wp\/v2\/posts\/73742","targetHints":{"allow":["GET"]}}],"collection":[{"href":"https:\/\/www.qualitel.org\/professionnels\/wp-json\/wp\/v2\/posts"}],"about":[{"href":"https:\/\/www.qualitel.org\/professionnels\/wp-json\/wp\/v2\/types\/post"}],"author":[{"embeddable":true,"href":"https:\/\/www.qualitel.org\/professionnels\/wp-json\/wp\/v2\/users\/24"}],"replies":[{"embeddable":true,"href":"https:\/\/www.qualitel.org\/professionnels\/wp-json\/wp\/v2\/comments?post=73742"}],"version-history":[{"count":13,"href":"https:\/\/www.qualitel.org\/professionnels\/wp-json\/wp\/v2\/posts\/73742\/revisions"}],"predecessor-version":[{"id":119844,"href":"https:\/\/www.qualitel.org\/professionnels\/wp-json\/wp\/v2\/posts\/73742\/revisions\/119844"}],"wp:featuredmedia":[{"embeddable":true,"href":"https:\/\/www.qualitel.org\/professionnels\/wp-json\/wp\/v2\/media\/73746"}],"wp:attachment":[{"href":"https:\/\/www.qualitel.org\/professionnels\/wp-json\/wp\/v2\/media?parent=73742"}],"wp:term":[{"taxonomy":"tags","embeddable":true,"href":"https:\/\/www.qualitel.org\/professionnels\/wp-json\/wp\/v2\/tags?post=73742"},{"taxonomy":"etiquettes","embeddable":true,"href":"https:\/\/www.qualitel.org\/professionnels\/wp-json\/wp\/v2\/tags?post=73742"},{"taxonomy":"article_type","embeddable":true,"href":"https:\/\/www.qualitel.org\/professionnels\/wp-json\/wp\/v2\/article_type?post=73742"}],"curies":[{"name":"wp","href":"https:\/\/api.w.org\/{rel}","templated":true}]}}