{"id":93411,"date":"2024-10-16T15:10:31","date_gmt":"2024-10-16T13:10:31","guid":{"rendered":"https:\/\/www.qualitel.org\/professionnels\/?p=93411"},"modified":"2024-11-04T10:04:49","modified_gmt":"2024-11-04T09:04:49","slug":"renovation-globale-avec-certirenov-un-webinaire-pour-decouvrir-la-nouvelle-certification-pour-les-professionnels-de-la-renovation-energetique","status":"publish","type":"post","link":"https:\/\/www.qualitel.org\/professionnels\/actualites\/webinaire-renovation-globale-avec-certirenov\/","title":{"rendered":"R\u00e9novation globale avec CertiR\u00e9nov : un webinaire pour d\u00e9couvrir la nouvelle certification pour les professionnels de la r\u00e9novation \u00e9nerg\u00e9tique"},"content":{"rendered":"","protected":false},"excerpt":{"rendered":"","protected":false},"author":24,"featured_media":93456,"comment_status":"closed","ping_status":"closed","sticky":false,"template":"","format":"standard","meta":{"_acf_changed":false,"footnotes":""},"tags":[425],"article_type":[368],"class_list":["post-93411","post","type-post","status-publish","format-standard","has-post-thumbnail","hentry","tags-certification","tags-developpement","etiquettes-rendez-vous","article_type-actualites"],"acf":[],"yoast_head":"<!-- This site is optimized with the Yoast SEO plugin v26.3 - https:\/\/yoast.com\/wordpress\/plugins\/seo\/ -->\n<title>R\u00e9novation globale avec CertiR\u00e9nov : un webinaire pour d\u00e9couvrir la nouvelle certification pour les professionnels de la r\u00e9novation \u00e9nerg\u00e9tique - Qualitel | Professionnels<\/title>\n<meta name=\"description\" content=\"Dans le cadre des Webinaires pour le Logement, CERQUAL Qualitel Certification organise, le 12 d\u00e9cembre prochain, un webinaire consacr\u00e9 \u00e0 la certification CertiR\u00e9nov dans le cadre de l\u2019offre globale. Les participants d\u00e9couvriront tout ce qu\u2019il faut savoir sur cette nouvelle certification destin\u00e9e aux professionnels du secteur de la r\u00e9novation \u00e9nerg\u00e9tique.\" \/>\n<meta name=\"robots\" content=\"index, follow, max-snippet:-1, max-image-preview:large, max-video-preview:-1\" \/>\n<link rel=\"canonical\" href=\"https:\/\/www.qualitel.org\/professionnels\/actualites\/webinaire-renovation-globale-avec-certirenov\/\" \/>\n<meta property=\"og:locale\" content=\"fr_FR\" \/>\n<meta property=\"og:type\" content=\"article\" \/>\n<meta property=\"og:title\" content=\"R\u00e9novation globale avec CertiR\u00e9nov : un webinaire pour d\u00e9couvrir la nouvelle certification pour les professionnels de la r\u00e9novation \u00e9nerg\u00e9tique - Qualitel | Professionnels\" \/>\n<meta property=\"og:description\" content=\"Dans le cadre des Webinaires pour le Logement, CERQUAL Qualitel Certification organise, le 12 d\u00e9cembre prochain, un webinaire consacr\u00e9 \u00e0 la certification CertiR\u00e9nov dans le cadre de l\u2019offre globale. Les participants d\u00e9couvriront tout ce qu\u2019il faut savoir sur cette nouvelle certification destin\u00e9e aux professionnels du secteur de la r\u00e9novation \u00e9nerg\u00e9tique.\" \/>\n<meta property=\"og:url\" content=\"https:\/\/www.qualitel.org\/professionnels\/actualites\/webinaire-renovation-globale-avec-certirenov\/\" \/>\n<meta property=\"og:site_name\" content=\"Qualitel | Professionnels\" \/>\n<meta property=\"article:publisher\" content=\"https:\/\/www.facebook.com\/groupequalitel\/\" \/>\n<meta property=\"article:published_time\" content=\"2024-10-16T13:10:31+00:00\" \/>\n<meta property=\"article:modified_time\" content=\"2024-11-04T09:04:49+00:00\" \/>\n<meta property=\"og:image\" content=\"https:\/\/www.qualitel.org\/professionnels\/wp\/..\/uploads\/webinaire-certirenov.jpg\" \/>\n\t<meta property=\"og:image:width\" content=\"900\" \/>\n\t<meta property=\"og:image:height\" content=\"513\" \/>\n\t<meta property=\"og:image:type\" content=\"image\/jpeg\" \/>\n<meta name=\"author\" content=\"Julie CARNEZ\" \/>\n<meta name=\"twitter:card\" content=\"summary_large_image\" \/>\n<meta name=\"twitter:description\" content=\"Dans le cadre des Webinaires pour le Logement, CERQUAL Qualitel Certification organise, le 12 d\u00e9cembre prochain, un webinaire consacr\u00e9 \u00e0 la certification CertiR\u00e9nov dans le cadre de l\u2019offre globale. Les participants d\u00e9couvriront tout ce qu\u2019il faut savoir sur cette nouvelle certification destin\u00e9e aux professionnels du secteur de la r\u00e9novation \u00e9nerg\u00e9tique.\n\" \/>\n<meta name=\"twitter:creator\" content=\"@groupeQUALITEL\" \/>\n<meta name=\"twitter:site\" content=\"@groupeQUALITEL\" \/>\n<meta name=\"twitter:label1\" content=\"Written by\" \/>\n\t<meta name=\"twitter:data1\" content=\"Julie CARNEZ\" \/>\n\t<meta name=\"twitter:label2\" content=\"Est. reading time\" \/>\n\t<meta name=\"twitter:data2\" content=\"2 minutes\" \/>\n<script type=\"application\/ld+json\" class=\"yoast-schema-graph\">{\"@context\":\"https:\/\/schema.org\",\"@graph\":[{\"@type\":\"Article\",\"@id\":\"https:\/\/www.qualitel.org\/professionnels\/actualites\/webinaire-renovation-globale-avec-certirenov\/#article\",\"isPartOf\":{\"@id\":\"https:\/\/www.qualitel.org\/professionnels\/actualites\/webinaire-renovation-globale-avec-certirenov\/\"},\"author\":{\"name\":\"Julie CARNEZ\",\"@id\":\"https:\/\/www.qualitel.org\/professionnels\/#\/schema\/person\/8da1b40abc7d27162c267baae6ea6b6e\"},\"headline\":\"R\u00e9novation globale avec CertiR\u00e9nov : un webinaire pour d\u00e9couvrir la nouvelle certification pour les professionnels de la r\u00e9novation \u00e9nerg\u00e9tique\",\"datePublished\":\"2024-10-16T13:10:31+00:00\",\"dateModified\":\"2024-11-04T09:04:49+00:00\",\"mainEntityOfPage\":{\"@id\":\"https:\/\/www.qualitel.org\/professionnels\/actualites\/webinaire-renovation-globale-avec-certirenov\/\"},\"wordCount\":23,\"publisher\":{\"@id\":\"https:\/\/www.qualitel.org\/professionnels\/#organization\"},\"image\":{\"@id\":\"https:\/\/www.qualitel.org\/professionnels\/actualites\/webinaire-renovation-globale-avec-certirenov\/#primaryimage\"},\"thumbnailUrl\":\"https:\/\/www.qualitel.org\/professionnels\/wp\/..\/uploads\/webinaire-certirenov.jpg\",\"inLanguage\":\"fr-FR\"},{\"@type\":\"WebPage\",\"@id\":\"https:\/\/www.qualitel.org\/professionnels\/actualites\/webinaire-renovation-globale-avec-certirenov\/\",\"url\":\"https:\/\/www.qualitel.org\/professionnels\/actualites\/webinaire-renovation-globale-avec-certirenov\/\",\"name\":\"R\u00e9novation globale avec CertiR\u00e9nov : un webinaire pour d\u00e9couvrir la nouvelle certification pour les professionnels de la r\u00e9novation \u00e9nerg\u00e9tique - Qualitel | Professionnels\",\"isPartOf\":{\"@id\":\"https:\/\/www.qualitel.org\/professionnels\/#website\"},\"primaryImageOfPage\":{\"@id\":\"https:\/\/www.qualitel.org\/professionnels\/actualites\/webinaire-renovation-globale-avec-certirenov\/#primaryimage\"},\"image\":{\"@id\":\"https:\/\/www.qualitel.org\/professionnels\/actualites\/webinaire-renovation-globale-avec-certirenov\/#primaryimage\"},\"thumbnailUrl\":\"https:\/\/www.qualitel.org\/professionnels\/wp\/..\/uploads\/webinaire-certirenov.jpg\",\"datePublished\":\"2024-10-16T13:10:31+00:00\",\"dateModified\":\"2024-11-04T09:04:49+00:00\",\"description\":\"Dans le cadre des Webinaires pour le Logement, CERQUAL Qualitel Certification organise, le 12 d\u00e9cembre prochain, un webinaire consacr\u00e9 \u00e0 la certification CertiR\u00e9nov dans le cadre de l\u2019offre globale. Les participants d\u00e9couvriront tout ce qu\u2019il faut savoir sur cette nouvelle certification destin\u00e9e aux professionnels du secteur de la r\u00e9novation \u00e9nerg\u00e9tique.\",\"breadcrumb\":{\"@id\":\"https:\/\/www.qualitel.org\/professionnels\/actualites\/webinaire-renovation-globale-avec-certirenov\/#breadcrumb\"},\"inLanguage\":\"fr-FR\",\"potentialAction\":[{\"@type\":\"ReadAction\",\"target\":[\"https:\/\/www.qualitel.org\/professionnels\/actualites\/webinaire-renovation-globale-avec-certirenov\/\"]}]},{\"@type\":\"ImageObject\",\"inLanguage\":\"fr-FR\",\"@id\":\"https:\/\/www.qualitel.org\/professionnels\/actualites\/webinaire-renovation-globale-avec-certirenov\/#primaryimage\",\"url\":\"https:\/\/www.qualitel.org\/professionnels\/wp\/..\/uploads\/webinaire-certirenov.jpg\",\"contentUrl\":\"https:\/\/www.qualitel.org\/professionnels\/wp\/..\/uploads\/webinaire-certirenov.jpg\",\"width\":900,\"height\":513},{\"@type\":\"BreadcrumbList\",\"@id\":\"https:\/\/www.qualitel.org\/professionnels\/actualites\/webinaire-renovation-globale-avec-certirenov\/#breadcrumb\",\"itemListElement\":[{\"@type\":\"ListItem\",\"position\":1,\"name\":\"Accueil\",\"item\":\"https:\/\/www.qualitel.org\/professionnels\/\"},{\"@type\":\"ListItem\",\"position\":2,\"name\":\"R\u00e9novation globale avec CertiR\u00e9nov : un webinaire pour d\u00e9couvrir la nouvelle certification pour les professionnels de la r\u00e9novation \u00e9nerg\u00e9tique\"}]},{\"@type\":\"WebSite\",\"@id\":\"https:\/\/www.qualitel.org\/professionnels\/#website\",\"url\":\"https:\/\/www.qualitel.org\/professionnels\/\",\"name\":\"Qualitel | Professionnels\",\"description\":\"\",\"publisher\":{\"@id\":\"https:\/\/www.qualitel.org\/professionnels\/#organization\"},\"potentialAction\":[{\"@type\":\"SearchAction\",\"target\":{\"@type\":\"EntryPoint\",\"urlTemplate\":\"https:\/\/www.qualitel.org\/professionnels\/?s={search_term_string}\"},\"query-input\":{\"@type\":\"PropertyValueSpecification\",\"valueRequired\":true,\"valueName\":\"search_term_string\"}}],\"inLanguage\":\"fr-FR\"},{\"@type\":\"Organization\",\"@id\":\"https:\/\/www.qualitel.org\/professionnels\/#organization\",\"name\":\"Qualitel\",\"url\":\"https:\/\/www.qualitel.org\/professionnels\/\",\"logo\":{\"@type\":\"ImageObject\",\"inLanguage\":\"fr-FR\",\"@id\":\"https:\/\/www.qualitel.org\/professionnels\/#\/schema\/logo\/image\/\",\"url\":\"https:\/\/www.qualitel.org\/professionnels\/wp\/..\/uploads\/qualitel_social.jpg\",\"contentUrl\":\"https:\/\/www.qualitel.org\/professionnels\/wp\/..\/uploads\/qualitel_social.jpg\",\"width\":1080,\"height\":1080,\"caption\":\"Qualitel\"},\"image\":{\"@id\":\"https:\/\/www.qualitel.org\/professionnels\/#\/schema\/logo\/image\/\"},\"sameAs\":[\"https:\/\/www.facebook.com\/groupequalitel\/\",\"https:\/\/x.com\/groupeQUALITEL\",\"https:\/\/www.instagram.com\/associationqualitel\/\"]},{\"@type\":\"Person\",\"@id\":\"https:\/\/www.qualitel.org\/professionnels\/#\/schema\/person\/8da1b40abc7d27162c267baae6ea6b6e\",\"name\":\"Julie CARNEZ\",\"image\":{\"@type\":\"ImageObject\",\"inLanguage\":\"fr-FR\",\"@id\":\"https:\/\/www.qualitel.org\/professionnels\/#\/schema\/person\/image\/\",\"url\":\"https:\/\/secure.gravatar.com\/avatar\/41fcfdc51e7305fd5b17ead841bd2e1f6a982b0f5ccaf899636b8ccab25ca5b1?s=96&d=mm&r=g\",\"contentUrl\":\"https:\/\/secure.gravatar.com\/avatar\/41fcfdc51e7305fd5b17ead841bd2e1f6a982b0f5ccaf899636b8ccab25ca5b1?s=96&d=mm&r=g\",\"caption\":\"Julie CARNEZ\"}}]}<\/script>\n<!-- \/ Yoast SEO plugin. -->","yoast_head_json":{"title":"R\u00e9novation globale avec CertiR\u00e9nov : un webinaire pour d\u00e9couvrir la nouvelle certification pour les professionnels de la r\u00e9novation \u00e9nerg\u00e9tique - Qualitel | Professionnels","description":"Dans le cadre des Webinaires pour le Logement, CERQUAL Qualitel Certification organise, le 12 d\u00e9cembre prochain, un webinaire consacr\u00e9 \u00e0 la certification CertiR\u00e9nov dans le cadre de l\u2019offre globale. Les participants d\u00e9couvriront tout ce qu\u2019il faut savoir sur cette nouvelle certification destin\u00e9e aux professionnels du secteur de la r\u00e9novation \u00e9nerg\u00e9tique.","robots":{"index":"index","follow":"follow","max-snippet":"max-snippet:-1","max-image-preview":"max-image-preview:large","max-video-preview":"max-video-preview:-1"},"canonical":"https:\/\/www.qualitel.org\/professionnels\/actualites\/webinaire-renovation-globale-avec-certirenov\/","og_locale":"fr_FR","og_type":"article","og_title":"R\u00e9novation globale avec CertiR\u00e9nov : un webinaire pour d\u00e9couvrir la nouvelle certification pour les professionnels de la r\u00e9novation \u00e9nerg\u00e9tique - Qualitel | Professionnels","og_description":"Dans le cadre des Webinaires pour le Logement, CERQUAL Qualitel Certification organise, le 12 d\u00e9cembre prochain, un webinaire consacr\u00e9 \u00e0 la certification CertiR\u00e9nov dans le cadre de l\u2019offre globale. Les participants d\u00e9couvriront tout ce qu\u2019il faut savoir sur cette nouvelle certification destin\u00e9e aux professionnels du secteur de la r\u00e9novation \u00e9nerg\u00e9tique.","og_url":"https:\/\/www.qualitel.org\/professionnels\/actualites\/webinaire-renovation-globale-avec-certirenov\/","og_site_name":"Qualitel | Professionnels","article_publisher":"https:\/\/www.facebook.com\/groupequalitel\/","article_published_time":"2024-10-16T13:10:31+00:00","article_modified_time":"2024-11-04T09:04:49+00:00","og_image":[{"width":900,"height":513,"url":"https:\/\/www.qualitel.org\/professionnels\/wp\/..\/uploads\/webinaire-certirenov.jpg","type":"image\/jpeg"}],"author":"Julie CARNEZ","twitter_card":"summary_large_image","twitter_description":"Dans le cadre des Webinaires pour le Logement, CERQUAL Qualitel Certification organise, le 12 d\u00e9cembre prochain, un webinaire consacr\u00e9 \u00e0 la certification CertiR\u00e9nov dans le cadre de l\u2019offre globale. Les participants d\u00e9couvriront tout ce qu\u2019il faut savoir sur cette nouvelle certification destin\u00e9e aux professionnels du secteur de la r\u00e9novation \u00e9nerg\u00e9tique.\n","twitter_creator":"@groupeQUALITEL","twitter_site":"@groupeQUALITEL","twitter_misc":{"Written by":"Julie CARNEZ","Est. reading time":"2 minutes"},"schema":{"@context":"https:\/\/schema.org","@graph":[{"@type":"Article","@id":"https:\/\/www.qualitel.org\/professionnels\/actualites\/webinaire-renovation-globale-avec-certirenov\/#article","isPartOf":{"@id":"https:\/\/www.qualitel.org\/professionnels\/actualites\/webinaire-renovation-globale-avec-certirenov\/"},"author":{"name":"Julie CARNEZ","@id":"https:\/\/www.qualitel.org\/professionnels\/#\/schema\/person\/8da1b40abc7d27162c267baae6ea6b6e"},"headline":"R\u00e9novation globale avec CertiR\u00e9nov : un webinaire pour d\u00e9couvrir la nouvelle certification pour les professionnels de la r\u00e9novation \u00e9nerg\u00e9tique","datePublished":"2024-10-16T13:10:31+00:00","dateModified":"2024-11-04T09:04:49+00:00","mainEntityOfPage":{"@id":"https:\/\/www.qualitel.org\/professionnels\/actualites\/webinaire-renovation-globale-avec-certirenov\/"},"wordCount":23,"publisher":{"@id":"https:\/\/www.qualitel.org\/professionnels\/#organization"},"image":{"@id":"https:\/\/www.qualitel.org\/professionnels\/actualites\/webinaire-renovation-globale-avec-certirenov\/#primaryimage"},"thumbnailUrl":"https:\/\/www.qualitel.org\/professionnels\/wp\/..\/uploads\/webinaire-certirenov.jpg","inLanguage":"fr-FR"},{"@type":"WebPage","@id":"https:\/\/www.qualitel.org\/professionnels\/actualites\/webinaire-renovation-globale-avec-certirenov\/","url":"https:\/\/www.qualitel.org\/professionnels\/actualites\/webinaire-renovation-globale-avec-certirenov\/","name":"R\u00e9novation globale avec CertiR\u00e9nov : un webinaire pour d\u00e9couvrir la nouvelle certification pour les professionnels de la r\u00e9novation \u00e9nerg\u00e9tique - Qualitel | Professionnels","isPartOf":{"@id":"https:\/\/www.qualitel.org\/professionnels\/#website"},"primaryImageOfPage":{"@id":"https:\/\/www.qualitel.org\/professionnels\/actualites\/webinaire-renovation-globale-avec-certirenov\/#primaryimage"},"image":{"@id":"https:\/\/www.qualitel.org\/professionnels\/actualites\/webinaire-renovation-globale-avec-certirenov\/#primaryimage"},"thumbnailUrl":"https:\/\/www.qualitel.org\/professionnels\/wp\/..\/uploads\/webinaire-certirenov.jpg","datePublished":"2024-10-16T13:10:31+00:00","dateModified":"2024-11-04T09:04:49+00:00","description":"Dans le cadre des Webinaires pour le Logement, CERQUAL Qualitel Certification organise, le 12 d\u00e9cembre prochain, un webinaire consacr\u00e9 \u00e0 la certification CertiR\u00e9nov dans le cadre de l\u2019offre globale. Les participants d\u00e9couvriront tout ce qu\u2019il faut savoir sur cette nouvelle certification destin\u00e9e aux professionnels du secteur de la r\u00e9novation \u00e9nerg\u00e9tique.","breadcrumb":{"@id":"https:\/\/www.qualitel.org\/professionnels\/actualites\/webinaire-renovation-globale-avec-certirenov\/#breadcrumb"},"inLanguage":"fr-FR","potentialAction":[{"@type":"ReadAction","target":["https:\/\/www.qualitel.org\/professionnels\/actualites\/webinaire-renovation-globale-avec-certirenov\/"]}]},{"@type":"ImageObject","inLanguage":"fr-FR","@id":"https:\/\/www.qualitel.org\/professionnels\/actualites\/webinaire-renovation-globale-avec-certirenov\/#primaryimage","url":"https:\/\/www.qualitel.org\/professionnels\/wp\/..\/uploads\/webinaire-certirenov.jpg","contentUrl":"https:\/\/www.qualitel.org\/professionnels\/wp\/..\/uploads\/webinaire-certirenov.jpg","width":900,"height":513},{"@type":"BreadcrumbList","@id":"https:\/\/www.qualitel.org\/professionnels\/actualites\/webinaire-renovation-globale-avec-certirenov\/#breadcrumb","itemListElement":[{"@type":"ListItem","position":1,"name":"Accueil","item":"https:\/\/www.qualitel.org\/professionnels\/"},{"@type":"ListItem","position":2,"name":"R\u00e9novation globale avec CertiR\u00e9nov : un webinaire pour d\u00e9couvrir la nouvelle certification pour les professionnels de la r\u00e9novation \u00e9nerg\u00e9tique"}]},{"@type":"WebSite","@id":"https:\/\/www.qualitel.org\/professionnels\/#website","url":"https:\/\/www.qualitel.org\/professionnels\/","name":"Qualitel | Professionnels","description":"","publisher":{"@id":"https:\/\/www.qualitel.org\/professionnels\/#organization"},"potentialAction":[{"@type":"SearchAction","target":{"@type":"EntryPoint","urlTemplate":"https:\/\/www.qualitel.org\/professionnels\/?s={search_term_string}"},"query-input":{"@type":"PropertyValueSpecification","valueRequired":true,"valueName":"search_term_string"}}],"inLanguage":"fr-FR"},{"@type":"Organization","@id":"https:\/\/www.qualitel.org\/professionnels\/#organization","name":"Qualitel","url":"https:\/\/www.qualitel.org\/professionnels\/","logo":{"@type":"ImageObject","inLanguage":"fr-FR","@id":"https:\/\/www.qualitel.org\/professionnels\/#\/schema\/logo\/image\/","url":"https:\/\/www.qualitel.org\/professionnels\/wp\/..\/uploads\/qualitel_social.jpg","contentUrl":"https:\/\/www.qualitel.org\/professionnels\/wp\/..\/uploads\/qualitel_social.jpg","width":1080,"height":1080,"caption":"Qualitel"},"image":{"@id":"https:\/\/www.qualitel.org\/professionnels\/#\/schema\/logo\/image\/"},"sameAs":["https:\/\/www.facebook.com\/groupequalitel\/","https:\/\/x.com\/groupeQUALITEL","https:\/\/www.instagram.com\/associationqualitel\/"]},{"@type":"Person","@id":"https:\/\/www.qualitel.org\/professionnels\/#\/schema\/person\/8da1b40abc7d27162c267baae6ea6b6e","name":"Julie CARNEZ","image":{"@type":"ImageObject","inLanguage":"fr-FR","@id":"https:\/\/www.qualitel.org\/professionnels\/#\/schema\/person\/image\/","url":"https:\/\/secure.gravatar.com\/avatar\/41fcfdc51e7305fd5b17ead841bd2e1f6a982b0f5ccaf899636b8ccab25ca5b1?s=96&d=mm&r=g","contentUrl":"https:\/\/secure.gravatar.com\/avatar\/41fcfdc51e7305fd5b17ead841bd2e1f6a982b0f5ccaf899636b8ccab25ca5b1?s=96&d=mm&r=g","caption":"Julie CARNEZ"}}]}},"_links":{"self":[{"href":"https:\/\/www.qualitel.org\/professionnels\/wp-json\/wp\/v2\/posts\/93411","targetHints":{"allow":["GET"]}}],"collection":[{"href":"https:\/\/www.qualitel.org\/professionnels\/wp-json\/wp\/v2\/posts"}],"about":[{"href":"https:\/\/www.qualitel.org\/professionnels\/wp-json\/wp\/v2\/types\/post"}],"author":[{"embeddable":true,"href":"https:\/\/www.qualitel.org\/professionnels\/wp-json\/wp\/v2\/users\/24"}],"replies":[{"embeddable":true,"href":"https:\/\/www.qualitel.org\/professionnels\/wp-json\/wp\/v2\/comments?post=93411"}],"version-history":[{"count":14,"href":"https:\/\/www.qualitel.org\/professionnels\/wp-json\/wp\/v2\/posts\/93411\/revisions"}],"predecessor-version":[{"id":95421,"href":"https:\/\/www.qualitel.org\/professionnels\/wp-json\/wp\/v2\/posts\/93411\/revisions\/95421"}],"wp:featuredmedia":[{"embeddable":true,"href":"https:\/\/www.qualitel.org\/professionnels\/wp-json\/wp\/v2\/media\/93456"}],"wp:attachment":[{"href":"https:\/\/www.qualitel.org\/professionnels\/wp-json\/wp\/v2\/media?parent=93411"}],"wp:term":[{"taxonomy":"tags","embeddable":true,"href":"https:\/\/www.qualitel.org\/professionnels\/wp-json\/wp\/v2\/tags?post=93411"},{"taxonomy":"etiquettes","embeddable":true,"href":"https:\/\/www.qualitel.org\/professionnels\/wp-json\/wp\/v2\/tags?post=93411"},{"taxonomy":"article_type","embeddable":true,"href":"https:\/\/www.qualitel.org\/professionnels\/wp-json\/wp\/v2\/article_type?post=93411"}],"curies":[{"name":"wp","href":"https:\/\/api.w.org\/{rel}","templated":true}]}}